{"id":7490,"date":"2024-08-02T16:18:48","date_gmt":"2024-08-02T14:18:48","guid":{"rendered":"http:\/\/fotisto.space\/photographe\/?p=7490"},"modified":"2026-04-13T07:18:47","modified_gmt":"2026-04-13T05:18:47","slug":"paysannes-paysans-de-la-graine-a-lassiette","status":"publish","type":"post","link":"https:\/\/fotisto.space\/photographe\/index.php\/2024\/08\/02\/paysannes-paysans-de-la-graine-a-lassiette\/","title":{"rendered":"Paysannes &amp; Paysans, de la graine \u00e0 l&rsquo;assiette"},"content":{"rendered":"\n<p class=\"has-medium-font-size\"><strong>Exposition \u00e0 Orbey<\/strong><\/p>\n\n\n\n<blockquote class=\"wp-block-quote is-layout-flow wp-block-quote-is-layout-flow\">\n<p class=\"has-small-font-size\">Dans un lieu qui pourrait paraitre atypique pour une exposition, mais il n&rsquo;en est rien. La maison m\u00e9dicale est parfaite pour accueillir cette expo. Merci \u00e0 Emilie et Isabelle de m&rsquo;avoir invit\u00e9 dans ce lieux qui est au centre de nos vies, et au centre de la petite ville d&rsquo;Orbey.<\/p>\n\n\n\n<p class=\"has-small-font-size\">L&rsquo;exposition est visible jusqu&rsquo;\u00e0 cet \u00e9t\u00e9&#8230; <\/p>\n\n\n\n<p class=\"has-small-font-size\">Le livre Paysannes et paysans est \u00e0 retrouver \u00e0 La Maison de Presse.<\/p>\n\n\n\n<figure class=\"wp-block-image size-large\"><img loading=\"lazy\" decoding=\"async\" width=\"1024\" height=\"629\" src=\"https:\/\/fotisto.space\/photographe\/wp-content\/uploads\/2024\/08\/P1153509-1024x629.jpg\" alt=\"\" class=\"wp-image-8336\" srcset=\"https:\/\/fotisto.space\/photographe\/wp-content\/uploads\/2024\/08\/P1153509-1024x629.jpg 1024w, https:\/\/fotisto.space\/photographe\/wp-content\/uploads\/2024\/08\/P1153509-300x184.jpg 300w, https:\/\/fotisto.space\/photographe\/wp-content\/uploads\/2024\/08\/P1153509-768x472.jpg 768w, https:\/\/fotisto.space\/photographe\/wp-content\/uploads\/2024\/08\/P1153509-100x61.jpg 100w, https:\/\/fotisto.space\/photographe\/wp-content\/uploads\/2024\/08\/P1153509-1536x944.jpg 1536w, https:\/\/fotisto.space\/photographe\/wp-content\/uploads\/2024\/08\/P1153509-1200x737.jpg 1200w, https:\/\/fotisto.space\/photographe\/wp-content\/uploads\/2024\/08\/P1153509-400x246.jpg 400w, https:\/\/fotisto.space\/photographe\/wp-content\/uploads\/2024\/08\/P1153509.jpg 2000w\" sizes=\"auto, (max-width: 709px) 85vw, (max-width: 909px) 67vw, (max-width: 1362px) 62vw, 840px\" \/><\/figure>\n<\/blockquote>\n\n\n\n<figure class=\"wp-block-image size-large\"><img loading=\"lazy\" decoding=\"async\" width=\"710\" height=\"1024\" src=\"https:\/\/fotisto.space\/photographe\/wp-content\/uploads\/2024\/08\/P1143464-710x1024.jpg\" alt=\"\" class=\"wp-image-8343\" srcset=\"https:\/\/fotisto.space\/photographe\/wp-content\/uploads\/2024\/08\/P1143464-710x1024.jpg 710w, https:\/\/fotisto.space\/photographe\/wp-content\/uploads\/2024\/08\/P1143464-208x300.jpg 208w, https:\/\/fotisto.space\/photographe\/wp-content\/uploads\/2024\/08\/P1143464-768x1108.jpg 768w, https:\/\/fotisto.space\/photographe\/wp-content\/uploads\/2024\/08\/P1143464-100x144.jpg 100w, https:\/\/fotisto.space\/photographe\/wp-content\/uploads\/2024\/08\/P1143464-1065x1536.jpg 1065w, https:\/\/fotisto.space\/photographe\/wp-content\/uploads\/2024\/08\/P1143464-1420x2048.jpg 1420w, https:\/\/fotisto.space\/photographe\/wp-content\/uploads\/2024\/08\/P1143464-1200x1731.jpg 1200w, https:\/\/fotisto.space\/photographe\/wp-content\/uploads\/2024\/08\/P1143464-400x577.jpg 400w, https:\/\/fotisto.space\/photographe\/wp-content\/uploads\/2024\/08\/P1143464-scaled.jpg 1775w\" sizes=\"auto, (max-width: 709px) 85vw, (max-width: 909px) 67vw, (max-width: 984px) 61vw, (max-width: 1362px) 45vw, 600px\" \/><\/figure>\n\n\n\n<figure class=\"wp-block-image size-large\"><img loading=\"lazy\" decoding=\"async\" width=\"1024\" height=\"663\" src=\"https:\/\/fotisto.space\/photographe\/wp-content\/uploads\/2024\/08\/P1153503-1024x663.jpg\" alt=\"\" class=\"wp-image-8337\" srcset=\"https:\/\/fotisto.space\/photographe\/wp-content\/uploads\/2024\/08\/P1153503-1024x663.jpg 1024w, https:\/\/fotisto.space\/photographe\/wp-content\/uploads\/2024\/08\/P1153503-300x194.jpg 300w, https:\/\/fotisto.space\/photographe\/wp-content\/uploads\/2024\/08\/P1153503-768x497.jpg 768w, https:\/\/fotisto.space\/photographe\/wp-content\/uploads\/2024\/08\/P1153503-100x65.jpg 100w, https:\/\/fotisto.space\/photographe\/wp-content\/uploads\/2024\/08\/P1153503-1536x994.jpg 1536w, https:\/\/fotisto.space\/photographe\/wp-content\/uploads\/2024\/08\/P1153503-1200x776.jpg 1200w, https:\/\/fotisto.space\/photographe\/wp-content\/uploads\/2024\/08\/P1153503-400x259.jpg 400w, https:\/\/fotisto.space\/photographe\/wp-content\/uploads\/2024\/08\/P1153503.jpg 2000w\" sizes=\"auto, (max-width: 709px) 85vw, (max-width: 909px) 67vw, (max-width: 1362px) 62vw, 840px\" \/><\/figure>\n\n\n\n<figure class=\"wp-block-image size-large\"><img loading=\"lazy\" decoding=\"async\" width=\"1024\" height=\"519\" src=\"https:\/\/fotisto.space\/photographe\/wp-content\/uploads\/2024\/08\/P1153514-1024x519.jpg\" alt=\"\" class=\"wp-image-8338\" srcset=\"https:\/\/fotisto.space\/photographe\/wp-content\/uploads\/2024\/08\/P1153514-1024x519.jpg 1024w, https:\/\/fotisto.space\/photographe\/wp-content\/uploads\/2024\/08\/P1153514-300x152.jpg 300w, https:\/\/fotisto.space\/photographe\/wp-content\/uploads\/2024\/08\/P1153514-768x389.jpg 768w, https:\/\/fotisto.space\/photographe\/wp-content\/uploads\/2024\/08\/P1153514-100x51.jpg 100w, https:\/\/fotisto.space\/photographe\/wp-content\/uploads\/2024\/08\/P1153514-1536x779.jpg 1536w, https:\/\/fotisto.space\/photographe\/wp-content\/uploads\/2024\/08\/P1153514-1200x608.jpg 1200w, https:\/\/fotisto.space\/photographe\/wp-content\/uploads\/2024\/08\/P1153514-400x203.jpg 400w, https:\/\/fotisto.space\/photographe\/wp-content\/uploads\/2024\/08\/P1153514.jpg 2000w\" sizes=\"auto, (max-width: 709px) 85vw, (max-width: 909px) 67vw, (max-width: 1362px) 62vw, 840px\" \/><\/figure>\n\n\n\n<blockquote class=\"wp-block-quote is-layout-flow wp-block-quote-is-layout-flow\">\n<p>F\u00eate de l&rsquo;Endive \u00e0 Thi\u00e9fosse \u00e0 La Ferme aux hirondelles<\/p>\n<\/blockquote>\n\n\n\n<figure class=\"wp-block-embed is-type-video is-provider-youtube wp-block-embed-youtube wp-embed-aspect-16-9 wp-has-aspect-ratio\"><div class=\"wp-block-embed__wrapper\">\n<iframe loading=\"lazy\" title=\"La F\u00eate des endives \u00e0 Thi\u00e9fosse\" width=\"840\" height=\"473\" src=\"https:\/\/www.youtube.com\/embed\/xD40wc_owq4?feature=oembed\" frameborder=\"0\" allow=\"accelerometer; autoplay; clipboard-write; encrypted-media; gyroscope; picture-in-picture; web-share\" referrerpolicy=\"strict-origin-when-cross-origin\" allowfullscreen><\/iframe>\n<\/div><\/figure>\n\n\n\n<blockquote class=\"wp-block-quote is-layout-flow wp-block-quote-is-layout-flow\">\n<p class=\"has-medium-font-size\">Pr\u00e9paration du salon de l&rsquo;agriculture, le 25 f\u00e9vrier<\/p>\n<\/blockquote>\n\n\n\n<figure class=\"wp-block-image size-large\"><img loading=\"lazy\" decoding=\"async\" width=\"1024\" height=\"768\" src=\"https:\/\/fotisto.space\/photographe\/wp-content\/uploads\/2024\/08\/639135454_10237911673867392_4850881115267357541_n-1024x768.jpg\" alt=\"\" class=\"wp-image-8145\" srcset=\"https:\/\/fotisto.space\/photographe\/wp-content\/uploads\/2024\/08\/639135454_10237911673867392_4850881115267357541_n-1024x768.jpg 1024w, https:\/\/fotisto.space\/photographe\/wp-content\/uploads\/2024\/08\/639135454_10237911673867392_4850881115267357541_n-300x225.jpg 300w, https:\/\/fotisto.space\/photographe\/wp-content\/uploads\/2024\/08\/639135454_10237911673867392_4850881115267357541_n-768x576.jpg 768w, https:\/\/fotisto.space\/photographe\/wp-content\/uploads\/2024\/08\/639135454_10237911673867392_4850881115267357541_n-100x75.jpg 100w, https:\/\/fotisto.space\/photographe\/wp-content\/uploads\/2024\/08\/639135454_10237911673867392_4850881115267357541_n-1536x1152.jpg 1536w, https:\/\/fotisto.space\/photographe\/wp-content\/uploads\/2024\/08\/639135454_10237911673867392_4850881115267357541_n-1200x900.jpg 1200w, https:\/\/fotisto.space\/photographe\/wp-content\/uploads\/2024\/08\/639135454_10237911673867392_4850881115267357541_n-400x300.jpg 400w, https:\/\/fotisto.space\/photographe\/wp-content\/uploads\/2024\/08\/639135454_10237911673867392_4850881115267357541_n.jpg 2048w\" sizes=\"auto, (max-width: 709px) 85vw, (max-width: 909px) 67vw, (max-width: 1362px) 62vw, 840px\" \/><\/figure>\n\n\n\n<figure class=\"wp-block-image size-large\"><img loading=\"lazy\" decoding=\"async\" width=\"1024\" height=\"682\" src=\"https:\/\/fotisto.space\/photographe\/wp-content\/uploads\/2024\/08\/P1211138-1024x682.jpg\" alt=\"\" class=\"wp-image-8339\" srcset=\"https:\/\/fotisto.space\/photographe\/wp-content\/uploads\/2024\/08\/P1211138-1024x682.jpg 1024w, https:\/\/fotisto.space\/photographe\/wp-content\/uploads\/2024\/08\/P1211138-300x200.jpg 300w, https:\/\/fotisto.space\/photographe\/wp-content\/uploads\/2024\/08\/P1211138-768x512.jpg 768w, https:\/\/fotisto.space\/photographe\/wp-content\/uploads\/2024\/08\/P1211138-100x67.jpg 100w, https:\/\/fotisto.space\/photographe\/wp-content\/uploads\/2024\/08\/P1211138-1536x1024.jpg 1536w, https:\/\/fotisto.space\/photographe\/wp-content\/uploads\/2024\/08\/P1211138-1200x800.jpg 1200w, https:\/\/fotisto.space\/photographe\/wp-content\/uploads\/2024\/08\/P1211138-400x267.jpg 400w, https:\/\/fotisto.space\/photographe\/wp-content\/uploads\/2024\/08\/P1211138.jpg 2000w\" sizes=\"auto, (max-width: 709px) 85vw, (max-width: 909px) 67vw, (max-width: 1362px) 62vw, 840px\" \/><\/figure>\n\n\n\n<figure class=\"wp-block-image size-large\"><img loading=\"lazy\" decoding=\"async\" width=\"1024\" height=\"693\" src=\"https:\/\/fotisto.space\/photographe\/wp-content\/uploads\/2024\/08\/P1200823-1024x693.jpg\" alt=\"\" class=\"wp-image-8340\" srcset=\"https:\/\/fotisto.space\/photographe\/wp-content\/uploads\/2024\/08\/P1200823-1024x693.jpg 1024w, https:\/\/fotisto.space\/photographe\/wp-content\/uploads\/2024\/08\/P1200823-300x203.jpg 300w, https:\/\/fotisto.space\/photographe\/wp-content\/uploads\/2024\/08\/P1200823-768x520.jpg 768w, https:\/\/fotisto.space\/photographe\/wp-content\/uploads\/2024\/08\/P1200823-100x68.jpg 100w, https:\/\/fotisto.space\/photographe\/wp-content\/uploads\/2024\/08\/P1200823-1536x1039.jpg 1536w, https:\/\/fotisto.space\/photographe\/wp-content\/uploads\/2024\/08\/P1200823-1200x812.jpg 1200w, https:\/\/fotisto.space\/photographe\/wp-content\/uploads\/2024\/08\/P1200823-400x271.jpg 400w, https:\/\/fotisto.space\/photographe\/wp-content\/uploads\/2024\/08\/P1200823.jpg 2000w\" sizes=\"auto, (max-width: 709px) 85vw, (max-width: 909px) 67vw, (max-width: 1362px) 62vw, 840px\" \/><\/figure>\n\n\n\n<figure class=\"wp-block-image size-large\"><img loading=\"lazy\" decoding=\"async\" width=\"1024\" height=\"686\" src=\"https:\/\/fotisto.space\/photographe\/wp-content\/uploads\/2024\/08\/P1211108-1024x686.jpg\" alt=\"\" class=\"wp-image-8341\" srcset=\"https:\/\/fotisto.space\/photographe\/wp-content\/uploads\/2024\/08\/P1211108-1024x686.jpg 1024w, https:\/\/fotisto.space\/photographe\/wp-content\/uploads\/2024\/08\/P1211108-300x201.jpg 300w, https:\/\/fotisto.space\/photographe\/wp-content\/uploads\/2024\/08\/P1211108-768x514.jpg 768w, https:\/\/fotisto.space\/photographe\/wp-content\/uploads\/2024\/08\/P1211108-100x67.jpg 100w, https:\/\/fotisto.space\/photographe\/wp-content\/uploads\/2024\/08\/P1211108-1536x1028.jpg 1536w, https:\/\/fotisto.space\/photographe\/wp-content\/uploads\/2024\/08\/P1211108-1200x803.jpg 1200w, https:\/\/fotisto.space\/photographe\/wp-content\/uploads\/2024\/08\/P1211108-400x268.jpg 400w, https:\/\/fotisto.space\/photographe\/wp-content\/uploads\/2024\/08\/P1211108.jpg 2000w\" sizes=\"auto, (max-width: 709px) 85vw, (max-width: 909px) 67vw, (max-width: 1362px) 62vw, 840px\" \/><\/figure>\n\n\n\n<figure class=\"wp-block-image size-large\"><img loading=\"lazy\" decoding=\"async\" width=\"1024\" height=\"682\" src=\"https:\/\/fotisto.space\/photographe\/wp-content\/uploads\/2024\/08\/P1211061-1024x682.jpg\" alt=\"\" class=\"wp-image-8342\" srcset=\"https:\/\/fotisto.space\/photographe\/wp-content\/uploads\/2024\/08\/P1211061-1024x682.jpg 1024w, https:\/\/fotisto.space\/photographe\/wp-content\/uploads\/2024\/08\/P1211061-300x200.jpg 300w, https:\/\/fotisto.space\/photographe\/wp-content\/uploads\/2024\/08\/P1211061-768x512.jpg 768w, https:\/\/fotisto.space\/photographe\/wp-content\/uploads\/2024\/08\/P1211061-100x67.jpg 100w, https:\/\/fotisto.space\/photographe\/wp-content\/uploads\/2024\/08\/P1211061-1536x1024.jpg 1536w, https:\/\/fotisto.space\/photographe\/wp-content\/uploads\/2024\/08\/P1211061-1200x800.jpg 1200w, https:\/\/fotisto.space\/photographe\/wp-content\/uploads\/2024\/08\/P1211061-400x267.jpg 400w, https:\/\/fotisto.space\/photographe\/wp-content\/uploads\/2024\/08\/P1211061.jpg 2000w\" sizes=\"auto, (max-width: 709px) 85vw, (max-width: 909px) 67vw, (max-width: 1362px) 62vw, 840px\" \/><\/figure>\n\n\n\n<figure class=\"wp-block-image size-large\"><img loading=\"lazy\" decoding=\"async\" width=\"1024\" height=\"771\" src=\"https:\/\/fotisto.space\/photographe\/wp-content\/uploads\/2024\/08\/Emilie-P-vache@-1024x771.jpg\" alt=\"\" class=\"wp-image-8142\" srcset=\"https:\/\/fotisto.space\/photographe\/wp-content\/uploads\/2024\/08\/Emilie-P-vache@-1024x771.jpg 1024w, https:\/\/fotisto.space\/photographe\/wp-content\/uploads\/2024\/08\/Emilie-P-vache@-300x226.jpg 300w, https:\/\/fotisto.space\/photographe\/wp-content\/uploads\/2024\/08\/Emilie-P-vache@-768x578.jpg 768w, https:\/\/fotisto.space\/photographe\/wp-content\/uploads\/2024\/08\/Emilie-P-vache@-100x75.jpg 100w, https:\/\/fotisto.space\/photographe\/wp-content\/uploads\/2024\/08\/Emilie-P-vache@-1536x1157.jpg 1536w, https:\/\/fotisto.space\/photographe\/wp-content\/uploads\/2024\/08\/Emilie-P-vache@-1200x904.jpg 1200w, https:\/\/fotisto.space\/photographe\/wp-content\/uploads\/2024\/08\/Emilie-P-vache@-400x301.jpg 400w, https:\/\/fotisto.space\/photographe\/wp-content\/uploads\/2024\/08\/Emilie-P-vache@.jpg 2000w\" sizes=\"auto, (max-width: 709px) 85vw, (max-width: 909px) 67vw, (max-width: 1362px) 62vw, 840px\" \/><\/figure>\n\n\n\n<figure class=\"wp-block-image size-large\"><img loading=\"lazy\" decoding=\"async\" width=\"1024\" height=\"771\" src=\"https:\/\/fotisto.space\/photographe\/wp-content\/uploads\/2024\/08\/Emilie-Couva-1024x771.jpg\" alt=\"\" class=\"wp-image-8144\" srcset=\"https:\/\/fotisto.space\/photographe\/wp-content\/uploads\/2024\/08\/Emilie-Couva-1024x771.jpg 1024w, https:\/\/fotisto.space\/photographe\/wp-content\/uploads\/2024\/08\/Emilie-Couva-300x226.jpg 300w, https:\/\/fotisto.space\/photographe\/wp-content\/uploads\/2024\/08\/Emilie-Couva-768x578.jpg 768w, https:\/\/fotisto.space\/photographe\/wp-content\/uploads\/2024\/08\/Emilie-Couva-100x75.jpg 100w, https:\/\/fotisto.space\/photographe\/wp-content\/uploads\/2024\/08\/Emilie-Couva-1536x1157.jpg 1536w, https:\/\/fotisto.space\/photographe\/wp-content\/uploads\/2024\/08\/Emilie-Couva-1200x904.jpg 1200w, https:\/\/fotisto.space\/photographe\/wp-content\/uploads\/2024\/08\/Emilie-Couva-400x301.jpg 400w, https:\/\/fotisto.space\/photographe\/wp-content\/uploads\/2024\/08\/Emilie-Couva.jpg 2000w\" sizes=\"auto, (max-width: 709px) 85vw, (max-width: 909px) 67vw, (max-width: 1362px) 62vw, 840px\" \/><\/figure>\n\n\n\n<p><\/p>\n\n\n\n<p class=\"has-medium-brown-color has-light-gray-background-color has-text-color has-background has-link-color wp-elements-3c5d17c88d7e413aec17a49de6876d95\"><em>Le livre fait son chemin<\/em>, <em>de librairies en points de vente, magasins de producteurs&#8230; <\/em><\/p>\n\n\n\n<figure class=\"wp-block-embed is-type-video is-provider-youtube wp-block-embed-youtube wp-embed-aspect-16-9 wp-has-aspect-ratio\"><div class=\"wp-block-embed__wrapper\">\n<iframe loading=\"lazy\" title=\"Exposition photo \u00e0 Remiremont\" width=\"840\" height=\"473\" src=\"https:\/\/www.youtube.com\/embed\/PvU8U2u-b8M?feature=oembed\" frameborder=\"0\" allow=\"accelerometer; autoplay; clipboard-write; encrypted-media; gyroscope; picture-in-picture; web-share\" referrerpolicy=\"strict-origin-when-cross-origin\" allowfullscreen><\/iframe>\n<\/div><\/figure>\n\n\n\n<blockquote class=\"wp-block-quote is-layout-flow wp-block-quote-is-layout-flow\">\n<p><\/p>\n<\/blockquote>\n\n\n\n<blockquote class=\"wp-block-quote is-layout-flow wp-block-quote-is-layout-flow\">\n<p class=\"has-small-font-size\">\u00ab\u00a0Paysannes et Paysans, de la graine \u00e0 l&rsquo;assiette\u00a0\u00bb continue son chemin&#8230; Accrochage de l&rsquo;exposition ce matin \u00e0 l&rsquo;espace Volontaire dans le cadre de la semaine de la photographie \u00e0 Remiremont.  Mardi 3 prochain je serai pr\u00e9sent \u00e0 la librairie \u00ab\u00a0Pause et vous\u00a0\u00bb (juste en face) pour en parler ou d\u00e9dicacer le livre !<\/p>\n\n\n\n<p class=\"has-small-font-size\">A bient\u00f4t et merci \u00e0 l&rsquo;\u00e9quipe culture de Remiremont pour cet \u00e9v\u00e8nement<\/p>\n<\/blockquote>\n\n\n\n<figure class=\"wp-block-embed is-type-video is-provider-youtube wp-block-embed-youtube wp-embed-aspect-16-9 wp-has-aspect-ratio\"><div class=\"wp-block-embed__wrapper\">\n<iframe loading=\"lazy\" title=\"Paysannes et paysans, de la graine \u00e0 l&#039;assiette\" width=\"840\" height=\"473\" src=\"https:\/\/www.youtube.com\/embed\/sK0bQFAidCc?feature=oembed\" frameborder=\"0\" allow=\"accelerometer; autoplay; clipboard-write; encrypted-media; gyroscope; picture-in-picture; web-share\" referrerpolicy=\"strict-origin-when-cross-origin\" allowfullscreen><\/iframe>\n<\/div><\/figure>\n\n\n\n<blockquote class=\"wp-block-quote is-layout-flow wp-block-quote-is-layout-flow\">\n<p class=\"has-small-font-size\">Le livre \u00ab\u00a0Paysannes et paysans, une magnifique aventure humaine autour d&rsquo;un sujet essentiel, notre alimentation.  Les paysannes et les paysans mais pas que&#8230; sans qui rien ne serait possible. Un livre \u00e0 retrouver un peu partout sur le territoire<\/p>\n<\/blockquote>\n\n\n\n<figure class=\"wp-block-embed is-type-video is-provider-youtube wp-block-embed-youtube wp-embed-aspect-16-9 wp-has-aspect-ratio\"><div class=\"wp-block-embed__wrapper\">\n<iframe loading=\"lazy\" title=\"D\u00e9dicaces au Moulin des lettres\" width=\"840\" height=\"473\" src=\"https:\/\/www.youtube.com\/embed\/fUx4UE7SvB0?feature=oembed\" frameborder=\"0\" allow=\"accelerometer; autoplay; clipboard-write; encrypted-media; gyroscope; picture-in-picture; web-share\" referrerpolicy=\"strict-origin-when-cross-origin\" allowfullscreen><\/iframe>\n<\/div><\/figure>\n\n\n\n<p class=\"has-medium-brown-color has-light-gray-background-color has-text-color has-background has-link-color wp-elements-c368469dc702fd7b47afcadc6b2d28f8\"><em>Une exposition disponible  Format 60 x 80 sur dibon \/ 30 tirages<\/em><\/p>\n\n\n\n<figure class=\"wp-block-image size-large\"><img loading=\"lazy\" decoding=\"async\" width=\"1024\" height=\"640\" src=\"https:\/\/fotisto.space\/photographe\/wp-content\/uploads\/2024\/08\/presentation-expo-1-1024x640.jpg\" alt=\"\" class=\"wp-image-7924\" srcset=\"https:\/\/fotisto.space\/photographe\/wp-content\/uploads\/2024\/08\/presentation-expo-1-1024x640.jpg 1024w, https:\/\/fotisto.space\/photographe\/wp-content\/uploads\/2024\/08\/presentation-expo-1-300x188.jpg 300w, https:\/\/fotisto.space\/photographe\/wp-content\/uploads\/2024\/08\/presentation-expo-1-768x480.jpg 768w, https:\/\/fotisto.space\/photographe\/wp-content\/uploads\/2024\/08\/presentation-expo-1-100x63.jpg 100w, https:\/\/fotisto.space\/photographe\/wp-content\/uploads\/2024\/08\/presentation-expo-1-1536x960.jpg 1536w, https:\/\/fotisto.space\/photographe\/wp-content\/uploads\/2024\/08\/presentation-expo-1-1200x750.jpg 1200w, https:\/\/fotisto.space\/photographe\/wp-content\/uploads\/2024\/08\/presentation-expo-1-400x250.jpg 400w, https:\/\/fotisto.space\/photographe\/wp-content\/uploads\/2024\/08\/presentation-expo-1.jpg 1920w\" sizes=\"auto, (max-width: 709px) 85vw, (max-width: 909px) 67vw, (max-width: 1362px) 62vw, 840px\" \/><\/figure>\n\n\n\n<figure class=\"wp-block-image size-large\"><img loading=\"lazy\" decoding=\"async\" width=\"717\" height=\"1024\" src=\"https:\/\/fotisto.space\/photographe\/wp-content\/uploads\/2024\/08\/Planche-contact-001-717x1024.jpg\" alt=\"\" class=\"wp-image-7921\" srcset=\"https:\/\/fotisto.space\/photographe\/wp-content\/uploads\/2024\/08\/Planche-contact-001-717x1024.jpg 717w, https:\/\/fotisto.space\/photographe\/wp-content\/uploads\/2024\/08\/Planche-contact-001-210x300.jpg 210w, https:\/\/fotisto.space\/photographe\/wp-content\/uploads\/2024\/08\/Planche-contact-001-768x1097.jpg 768w, https:\/\/fotisto.space\/photographe\/wp-content\/uploads\/2024\/08\/Planche-contact-001-100x143.jpg 100w, https:\/\/fotisto.space\/photographe\/wp-content\/uploads\/2024\/08\/Planche-contact-001-1076x1536.jpg 1076w, https:\/\/fotisto.space\/photographe\/wp-content\/uploads\/2024\/08\/Planche-contact-001-1434x2048.jpg 1434w, https:\/\/fotisto.space\/photographe\/wp-content\/uploads\/2024\/08\/Planche-contact-001-1200x1714.jpg 1200w, https:\/\/fotisto.space\/photographe\/wp-content\/uploads\/2024\/08\/Planche-contact-001-400x571.jpg 400w, https:\/\/fotisto.space\/photographe\/wp-content\/uploads\/2024\/08\/Planche-contact-001.jpg 1654w\" sizes=\"auto, (max-width: 709px) 85vw, (max-width: 909px) 67vw, (max-width: 984px) 61vw, (max-width: 1362px) 45vw, 600px\" \/><\/figure>\n\n\n\n<figure class=\"wp-block-image size-large\"><img loading=\"lazy\" decoding=\"async\" width=\"717\" height=\"1024\" src=\"https:\/\/fotisto.space\/photographe\/wp-content\/uploads\/2024\/08\/Planche-contact-002-717x1024.jpg\" alt=\"\" class=\"wp-image-7922\" srcset=\"https:\/\/fotisto.space\/photographe\/wp-content\/uploads\/2024\/08\/Planche-contact-002-717x1024.jpg 717w, https:\/\/fotisto.space\/photographe\/wp-content\/uploads\/2024\/08\/Planche-contact-002-210x300.jpg 210w, https:\/\/fotisto.space\/photographe\/wp-content\/uploads\/2024\/08\/Planche-contact-002-768x1097.jpg 768w, https:\/\/fotisto.space\/photographe\/wp-content\/uploads\/2024\/08\/Planche-contact-002-100x143.jpg 100w, https:\/\/fotisto.space\/photographe\/wp-content\/uploads\/2024\/08\/Planche-contact-002-1076x1536.jpg 1076w, https:\/\/fotisto.space\/photographe\/wp-content\/uploads\/2024\/08\/Planche-contact-002-1434x2048.jpg 1434w, https:\/\/fotisto.space\/photographe\/wp-content\/uploads\/2024\/08\/Planche-contact-002-1200x1714.jpg 1200w, https:\/\/fotisto.space\/photographe\/wp-content\/uploads\/2024\/08\/Planche-contact-002-400x571.jpg 400w, https:\/\/fotisto.space\/photographe\/wp-content\/uploads\/2024\/08\/Planche-contact-002.jpg 1654w\" sizes=\"auto, (max-width: 709px) 85vw, (max-width: 909px) 67vw, (max-width: 984px) 61vw, (max-width: 1362px) 45vw, 600px\" \/><\/figure>\n\n\n\n<figure class=\"wp-block-embed is-type-video is-provider-youtube wp-block-embed-youtube wp-embed-aspect-16-9 wp-has-aspect-ratio\"><div class=\"wp-block-embed__wrapper\">\n<iframe loading=\"lazy\" title=\"Gaec de Saulx \u00e0 Rupt sur Moselle\" width=\"840\" height=\"473\" src=\"https:\/\/www.youtube.com\/embed\/uGApO1AhunA?feature=oembed\" frameborder=\"0\" allow=\"accelerometer; autoplay; clipboard-write; encrypted-media; gyroscope; picture-in-picture; web-share\" referrerpolicy=\"strict-origin-when-cross-origin\" allowfullscreen><\/iframe>\n<\/div><\/figure>\n\n\n\n<blockquote class=\"wp-block-quote is-layout-flow wp-block-quote-is-layout-flow\">\n<p class=\"has-medium-brown-color has-light-gray-background-color has-text-color has-background has-link-color wp-elements-1b205756eb5f4c76c306352bdf94e4b3\"><strong>Anecdote<\/strong>&#8230; Jeudi 26 Septembre avait eu lieu la manifestation paysanne \u00e0 Epinal et ailleurs en France. Cort\u00e8ges de tracteurs, slogans et quelques bennes de gazons et de tiges de ma\u00efs pourries. Beaucoup de monde mais rien que des paysans. Et puis les m\u00e9dias pour couvrir l&rsquo;\u00e9v\u00e8nement. Aucun public, mais les manifestations n&rsquo;attirent plus personne d&rsquo;autre que les personnes concern\u00e9es&#8230; A la marge de mes photos, j&rsquo;ai tourn\u00e9 avec mon t\u00e9l\u00e9phone et en mode \u00ab\u00a0R\u00e9el\u00a0\u00bb une petite vid\u00e9o que j&rsquo;ai diffus\u00e9 sur les r\u00e9seaux sociaux&#8230;<\/p>\n\n\n\n<figure class=\"wp-block-embed is-type-video is-provider-youtube wp-block-embed-youtube wp-embed-aspect-9-16 wp-has-aspect-ratio\"><div class=\"wp-block-embed__wrapper\">\n<iframe loading=\"lazy\" title=\"Manif paysanne. 25.09.2025\" width=\"563\" height=\"1000\" src=\"https:\/\/www.youtube.com\/embed\/vV4_45w_k_4?feature=oembed\" frameborder=\"0\" allow=\"accelerometer; autoplay; clipboard-write; encrypted-media; gyroscope; picture-in-picture; web-share\" referrerpolicy=\"strict-origin-when-cross-origin\" allowfullscreen><\/iframe>\n<\/div><\/figure>\n\n\n\n<p><\/p>\n<\/blockquote>\n\n\n\n<blockquote class=\"wp-block-quote is-layout-flow wp-block-quote-is-layout-flow\">\n<p class=\"has-medium-brown-color has-light-gray-background-color has-text-color has-background has-link-color wp-elements-a874cb97e078bd00321286575dcfcef2\">J&rsquo;ai du malheureusement supprimer et donc censurer la diffusion de cette vid\u00e9o sur les r\u00e9seaux tant la masse de commentaires n\u00e9gatifs voir haineux \u00e9tait importante&#8230; Est ce que la population de notre pays aime t&rsquo;elle ses paysans ? J&rsquo;avais ajout\u00e9 un commentaire. \u00ab\u00a0100 % de ce que nous mangeons vient d&rsquo;un paysan. Si ce n&rsquo;est pas le cas alors c&rsquo;est de votre jardin, alors cela fait de vous, un paysan. Si ce n&rsquo;est pas encore le cas alors ne le mangez pas&#8230;\u00a0\u00bb Je crois que certain ne savent pas encore ou poussent les nouilles !<\/p>\n<\/blockquote>\n\n\n\n<figure class=\"wp-block-image size-large\"><img loading=\"lazy\" decoding=\"async\" width=\"1024\" height=\"682\" src=\"https:\/\/fotisto.space\/photographe\/wp-content\/uploads\/2024\/08\/P1200046-1-1024x682.jpg\" alt=\"\" class=\"wp-image-7934\" srcset=\"https:\/\/fotisto.space\/photographe\/wp-content\/uploads\/2024\/08\/P1200046-1-1024x682.jpg 1024w, https:\/\/fotisto.space\/photographe\/wp-content\/uploads\/2024\/08\/P1200046-1-300x200.jpg 300w, https:\/\/fotisto.space\/photographe\/wp-content\/uploads\/2024\/08\/P1200046-1-768x512.jpg 768w, https:\/\/fotisto.space\/photographe\/wp-content\/uploads\/2024\/08\/P1200046-1-100x67.jpg 100w, https:\/\/fotisto.space\/photographe\/wp-content\/uploads\/2024\/08\/P1200046-1-1536x1024.jpg 1536w, https:\/\/fotisto.space\/photographe\/wp-content\/uploads\/2024\/08\/P1200046-1-1200x800.jpg 1200w, https:\/\/fotisto.space\/photographe\/wp-content\/uploads\/2024\/08\/P1200046-1-400x267.jpg 400w, https:\/\/fotisto.space\/photographe\/wp-content\/uploads\/2024\/08\/P1200046-1.jpg 2000w\" sizes=\"auto, (max-width: 709px) 85vw, (max-width: 909px) 67vw, (max-width: 1362px) 62vw, 840px\" \/><\/figure>\n\n\n\n<figure class=\"wp-block-image size-large\"><img loading=\"lazy\" decoding=\"async\" width=\"1024\" height=\"682\" src=\"https:\/\/fotisto.space\/photographe\/wp-content\/uploads\/2024\/08\/P1199622-1024x682.jpg\" alt=\"\" class=\"wp-image-7933\" srcset=\"https:\/\/fotisto.space\/photographe\/wp-content\/uploads\/2024\/08\/P1199622-1024x682.jpg 1024w, https:\/\/fotisto.space\/photographe\/wp-content\/uploads\/2024\/08\/P1199622-300x200.jpg 300w, https:\/\/fotisto.space\/photographe\/wp-content\/uploads\/2024\/08\/P1199622-768x512.jpg 768w, https:\/\/fotisto.space\/photographe\/wp-content\/uploads\/2024\/08\/P1199622-100x67.jpg 100w, https:\/\/fotisto.space\/photographe\/wp-content\/uploads\/2024\/08\/P1199622-1536x1024.jpg 1536w, https:\/\/fotisto.space\/photographe\/wp-content\/uploads\/2024\/08\/P1199622-1200x800.jpg 1200w, https:\/\/fotisto.space\/photographe\/wp-content\/uploads\/2024\/08\/P1199622-400x267.jpg 400w, https:\/\/fotisto.space\/photographe\/wp-content\/uploads\/2024\/08\/P1199622.jpg 2000w\" sizes=\"auto, (max-width: 709px) 85vw, (max-width: 909px) 67vw, (max-width: 1362px) 62vw, 840px\" \/><\/figure>\n\n\n\n<figure class=\"wp-block-image size-large\"><img loading=\"lazy\" decoding=\"async\" width=\"682\" height=\"1024\" src=\"https:\/\/fotisto.space\/photographe\/wp-content\/uploads\/2024\/08\/P1199774-682x1024.jpg\" alt=\"\" class=\"wp-image-7935\" srcset=\"https:\/\/fotisto.space\/photographe\/wp-content\/uploads\/2024\/08\/P1199774-682x1024.jpg 682w, https:\/\/fotisto.space\/photographe\/wp-content\/uploads\/2024\/08\/P1199774-200x300.jpg 200w, https:\/\/fotisto.space\/photographe\/wp-content\/uploads\/2024\/08\/P1199774-768x1152.jpg 768w, https:\/\/fotisto.space\/photographe\/wp-content\/uploads\/2024\/08\/P1199774-100x150.jpg 100w, https:\/\/fotisto.space\/photographe\/wp-content\/uploads\/2024\/08\/P1199774-1024x1536.jpg 1024w, https:\/\/fotisto.space\/photographe\/wp-content\/uploads\/2024\/08\/P1199774-1200x1800.jpg 1200w, https:\/\/fotisto.space\/photographe\/wp-content\/uploads\/2024\/08\/P1199774-400x600.jpg 400w, https:\/\/fotisto.space\/photographe\/wp-content\/uploads\/2024\/08\/P1199774.jpg 1333w\" sizes=\"auto, (max-width: 709px) 85vw, (max-width: 909px) 67vw, (max-width: 984px) 61vw, (max-width: 1362px) 45vw, 600px\" \/><\/figure>\n\n\n\n<h3 class=\"wp-block-heading\">En mode, expos, d\u00e9dicaces, distribution&#8230;<\/h3>\n\n\n\n<p><\/p>\n\n\n\n<p><\/p>\n\n\n\n<blockquote class=\"wp-block-quote is-layout-flow wp-block-quote-is-layout-flow\">\n<p>Comice agricole \u00e0 Rambervillers avec l&rsquo;expo itin\u00e9rante qui va avec le livre. De belles rencontres qui font et que me disent que cette aventure est une bonne id\u00e9e<\/p>\n<\/blockquote>\n\n\n\n<figure class=\"wp-block-image size-large\"><img loading=\"lazy\" decoding=\"async\" width=\"1024\" height=\"682\" src=\"https:\/\/fotisto.space\/photographe\/wp-content\/uploads\/2024\/08\/P1125224-1024x682.jpg\" alt=\"\" class=\"wp-image-7919\" srcset=\"https:\/\/fotisto.space\/photographe\/wp-content\/uploads\/2024\/08\/P1125224-1024x682.jpg 1024w, https:\/\/fotisto.space\/photographe\/wp-content\/uploads\/2024\/08\/P1125224-300x200.jpg 300w, https:\/\/fotisto.space\/photographe\/wp-content\/uploads\/2024\/08\/P1125224-768x512.jpg 768w, https:\/\/fotisto.space\/photographe\/wp-content\/uploads\/2024\/08\/P1125224-100x67.jpg 100w, https:\/\/fotisto.space\/photographe\/wp-content\/uploads\/2024\/08\/P1125224-1536x1024.jpg 1536w, https:\/\/fotisto.space\/photographe\/wp-content\/uploads\/2024\/08\/P1125224-1200x800.jpg 1200w, https:\/\/fotisto.space\/photographe\/wp-content\/uploads\/2024\/08\/P1125224-400x267.jpg 400w, https:\/\/fotisto.space\/photographe\/wp-content\/uploads\/2024\/08\/P1125224.jpg 2000w\" sizes=\"auto, (max-width: 709px) 85vw, (max-width: 909px) 67vw, (max-width: 1362px) 62vw, 840px\" \/><\/figure>\n\n\n\n<figure class=\"wp-block-image size-large\"><img loading=\"lazy\" decoding=\"async\" width=\"1024\" height=\"496\" src=\"https:\/\/fotisto.space\/photographe\/wp-content\/uploads\/2024\/08\/P1125181-1024x496.jpg\" alt=\"\" class=\"wp-image-7917\" srcset=\"https:\/\/fotisto.space\/photographe\/wp-content\/uploads\/2024\/08\/P1125181-1024x496.jpg 1024w, https:\/\/fotisto.space\/photographe\/wp-content\/uploads\/2024\/08\/P1125181-300x145.jpg 300w, https:\/\/fotisto.space\/photographe\/wp-content\/uploads\/2024\/08\/P1125181-768x372.jpg 768w, https:\/\/fotisto.space\/photographe\/wp-content\/uploads\/2024\/08\/P1125181-100x48.jpg 100w, https:\/\/fotisto.space\/photographe\/wp-content\/uploads\/2024\/08\/P1125181-1536x744.jpg 1536w, https:\/\/fotisto.space\/photographe\/wp-content\/uploads\/2024\/08\/P1125181-1200x581.jpg 1200w, https:\/\/fotisto.space\/photographe\/wp-content\/uploads\/2024\/08\/P1125181-400x194.jpg 400w, https:\/\/fotisto.space\/photographe\/wp-content\/uploads\/2024\/08\/P1125181.jpg 2000w\" sizes=\"auto, (max-width: 709px) 85vw, (max-width: 909px) 67vw, (max-width: 1362px) 62vw, 840px\" \/><\/figure>\n\n\n\n<figure class=\"wp-block-image size-large\"><img loading=\"lazy\" decoding=\"async\" width=\"768\" height=\"1024\" src=\"https:\/\/fotisto.space\/photographe\/wp-content\/uploads\/2024\/08\/1757237417137-768x1024.jpg\" alt=\"\" class=\"wp-image-7916\" srcset=\"https:\/\/fotisto.space\/photographe\/wp-content\/uploads\/2024\/08\/1757237417137-768x1023.jpg 768w, https:\/\/fotisto.space\/photographe\/wp-content\/uploads\/2024\/08\/1757237417137-225x300.jpg 225w, https:\/\/fotisto.space\/photographe\/wp-content\/uploads\/2024\/08\/1757237417137-100x133.jpg 100w, https:\/\/fotisto.space\/photographe\/wp-content\/uploads\/2024\/08\/1757237417137-400x533.jpg 400w, https:\/\/fotisto.space\/photographe\/wp-content\/uploads\/2024\/08\/1757237417137.jpg 800w\" sizes=\"auto, (max-width: 709px) 85vw, (max-width: 909px) 67vw, (max-width: 984px) 61vw, (max-width: 1362px) 45vw, 600px\" \/><\/figure>\n\n\n\n<p class=\"has-medium-brown-color has-light-gray-background-color has-text-color has-background has-link-color wp-elements-3009ed66860638ef33a3e6ae0c59ec7b\"><em>Les rendez vous et les rencontres s&rsquo;enchainent avec souvent plus d&rsquo;improvisation que d&rsquo;organisation. Je d\u00e9pose le livre \u00e0 qui veut bien, et cela me convient. Il y a plusieurs lieux possible pour acqu\u00e9rir un livre et ce n&rsquo;est pas toujours celui que l&rsquo;on croit ou le plus adapt\u00e9 qui sera le meilleur&#8230; L&rsquo;important est de porter le message ! <\/em><\/p>\n\n\n\n<figure class=\"wp-block-image size-large\"><img loading=\"lazy\" decoding=\"async\" width=\"698\" height=\"1024\" src=\"https:\/\/fotisto.space\/photographe\/wp-content\/uploads\/2024\/08\/523816587_10235069464613937_4474016757584219788_n-1-698x1024.jpg\" alt=\"\" class=\"wp-image-7912\" srcset=\"https:\/\/fotisto.space\/photographe\/wp-content\/uploads\/2024\/08\/523816587_10235069464613937_4474016757584219788_n-1-698x1024.jpg 698w, https:\/\/fotisto.space\/photographe\/wp-content\/uploads\/2024\/08\/523816587_10235069464613937_4474016757584219788_n-1-204x300.jpg 204w, https:\/\/fotisto.space\/photographe\/wp-content\/uploads\/2024\/08\/523816587_10235069464613937_4474016757584219788_n-1-768x1127.jpg 768w, https:\/\/fotisto.space\/photographe\/wp-content\/uploads\/2024\/08\/523816587_10235069464613937_4474016757584219788_n-1-100x147.jpg 100w, https:\/\/fotisto.space\/photographe\/wp-content\/uploads\/2024\/08\/523816587_10235069464613937_4474016757584219788_n-1-1047x1536.jpg 1047w, https:\/\/fotisto.space\/photographe\/wp-content\/uploads\/2024\/08\/523816587_10235069464613937_4474016757584219788_n-1-1200x1761.jpg 1200w, https:\/\/fotisto.space\/photographe\/wp-content\/uploads\/2024\/08\/523816587_10235069464613937_4474016757584219788_n-1-400x587.jpg 400w, https:\/\/fotisto.space\/photographe\/wp-content\/uploads\/2024\/08\/523816587_10235069464613937_4474016757584219788_n-1.jpg 1363w\" sizes=\"auto, (max-width: 709px) 85vw, (max-width: 909px) 67vw, (max-width: 984px) 61vw, (max-width: 1362px) 45vw, 600px\" \/><\/figure>\n\n\n\n<h2 class=\"wp-block-heading\"><strong>Les points de vente !<\/strong><\/h2>\n\n\n\n<blockquote class=\"wp-block-quote is-layout-flow wp-block-quote-is-layout-flow\">\n<p>La Montagne Gourmande \u00e0 ferdrupt,<\/p>\n\n\n\n<p>Illico Perso \u00e0 La Bresse,<\/p>\n\n\n\n<p>Maison de la presse \u00e0 Vagney, <\/p>\n\n\n\n<p>Magasin des producteurs Le Magasin de nos fermes \u00e0 Remiremont<\/p>\n\n\n\n<p>La crois\u00e9e des saveurs au Syndicat<\/p>\n\n\n\n<p>Du Pain au Lard \u00e0 La Bresse<\/p>\n\n\n\n<p>Librairie de l\u2019H\u00f4tel de Ville \u00e0 G\u00e9rardmer<\/p>\n\n\n\n<p>Paysan Direct \u00e0 La Bresse<\/p>\n\n\n\n<p>Le Point au Carr\u00e9 \u00e0 Saulxures<\/p>\n\n\n\n<p>Le Dahu Barbu \u00e0 Ramonchamp<\/p>\n\n\n\n<p>La boutique le T\u00e9tras \u00e0 La Schlucht.<\/p>\n\n\n\n<p>La Camionnette des fermiers<\/p>\n\n\n\n<p>Elisa Morel \u00e0 la ferme du Kerpont \u00e0 Ferdrupt<\/p>\n\n\n\n<p>Lire et Ecrire \u00e0 Remiremont<\/p>\n\n\n\n<p>Maison de La Presse \u00e0 Cornimont<\/p>\n\n\n\n<p>Le Grimoire \u00e0 Mirecourt<\/p>\n\n\n\n<p>Le Quai des Mots \u00e0 Epinal<\/p>\n\n\n\n<p>Bio Coop \u00e0 Epinal<\/p>\n\n\n\n<p>La Maison Grandclaude \u00e0 Chaumousey<\/p>\n\n\n\n<p>L\u2019Aquaponie \u00e0 Chaumousey<\/p>\n\n\n\n<p>Tabac Presse au Thillot<\/p>\n\n\n\n<p>Maison de Presse \u00e0 La Bresse<\/p>\n\n\n\n<p>Ferme auberge du Felsach<\/p>\n\n\n\n<p>Super U La Bresse<\/p>\n\n\n\n<p>\u00ab\u00a0La Libraire\u00a0\u00bb \u00e0 G\u00e9rardmer<\/p>\n<\/blockquote>\n\n\n\n<figure class=\"wp-block-image size-large\"><img loading=\"lazy\" decoding=\"async\" width=\"1024\" height=\"642\" src=\"https:\/\/fotisto.space\/photographe\/wp-content\/uploads\/2024\/08\/P1037863-1024x642.jpg\" alt=\"\" class=\"wp-image-7906\" srcset=\"https:\/\/fotisto.space\/photographe\/wp-content\/uploads\/2024\/08\/P1037863-1024x642.jpg 1024w, https:\/\/fotisto.space\/photographe\/wp-content\/uploads\/2024\/08\/P1037863-300x188.jpg 300w, https:\/\/fotisto.space\/photographe\/wp-content\/uploads\/2024\/08\/P1037863-768x482.jpg 768w, https:\/\/fotisto.space\/photographe\/wp-content\/uploads\/2024\/08\/P1037863-100x63.jpg 100w, https:\/\/fotisto.space\/photographe\/wp-content\/uploads\/2024\/08\/P1037863-1536x963.jpg 1536w, https:\/\/fotisto.space\/photographe\/wp-content\/uploads\/2024\/08\/P1037863-2048x1285.jpg 2048w, https:\/\/fotisto.space\/photographe\/wp-content\/uploads\/2024\/08\/P1037863-1200x753.jpg 1200w, https:\/\/fotisto.space\/photographe\/wp-content\/uploads\/2024\/08\/P1037863-400x251.jpg 400w\" sizes=\"auto, (max-width: 709px) 85vw, (max-width: 909px) 67vw, (max-width: 1362px) 62vw, 840px\" \/><\/figure>\n\n\n\n<figure class=\"wp-block-image size-large\"><img loading=\"lazy\" decoding=\"async\" width=\"698\" height=\"1024\" src=\"https:\/\/fotisto.space\/photographe\/wp-content\/uploads\/2024\/08\/P1037848-698x1024.jpg\" alt=\"\" class=\"wp-image-7904\" srcset=\"https:\/\/fotisto.space\/photographe\/wp-content\/uploads\/2024\/08\/P1037848-698x1024.jpg 698w, https:\/\/fotisto.space\/photographe\/wp-content\/uploads\/2024\/08\/P1037848-204x300.jpg 204w, https:\/\/fotisto.space\/photographe\/wp-content\/uploads\/2024\/08\/P1037848-768x1127.jpg 768w, https:\/\/fotisto.space\/photographe\/wp-content\/uploads\/2024\/08\/P1037848-100x147.jpg 100w, https:\/\/fotisto.space\/photographe\/wp-content\/uploads\/2024\/08\/P1037848-1047x1536.jpg 1047w, https:\/\/fotisto.space\/photographe\/wp-content\/uploads\/2024\/08\/P1037848-1200x1761.jpg 1200w, https:\/\/fotisto.space\/photographe\/wp-content\/uploads\/2024\/08\/P1037848-400x587.jpg 400w, https:\/\/fotisto.space\/photographe\/wp-content\/uploads\/2024\/08\/P1037848.jpg 1363w\" sizes=\"auto, (max-width: 709px) 85vw, (max-width: 909px) 67vw, (max-width: 984px) 61vw, (max-width: 1362px) 45vw, 600px\" \/><\/figure>\n\n\n\n<figure class=\"wp-block-image size-large\"><img loading=\"lazy\" decoding=\"async\" width=\"1024\" height=\"768\" src=\"https:\/\/fotisto.space\/photographe\/wp-content\/uploads\/2024\/08\/518155048_10234935304500018_4342169035698631952_n-1024x768.jpg\" alt=\"\" class=\"wp-image-7907\" srcset=\"https:\/\/fotisto.space\/photographe\/wp-content\/uploads\/2024\/08\/518155048_10234935304500018_4342169035698631952_n-1024x768.jpg 1024w, https:\/\/fotisto.space\/photographe\/wp-content\/uploads\/2024\/08\/518155048_10234935304500018_4342169035698631952_n-300x225.jpg 300w, https:\/\/fotisto.space\/photographe\/wp-content\/uploads\/2024\/08\/518155048_10234935304500018_4342169035698631952_n-768x576.jpg 768w, https:\/\/fotisto.space\/photographe\/wp-content\/uploads\/2024\/08\/518155048_10234935304500018_4342169035698631952_n-100x75.jpg 100w, https:\/\/fotisto.space\/photographe\/wp-content\/uploads\/2024\/08\/518155048_10234935304500018_4342169035698631952_n-1536x1152.jpg 1536w, https:\/\/fotisto.space\/photographe\/wp-content\/uploads\/2024\/08\/518155048_10234935304500018_4342169035698631952_n-1200x900.jpg 1200w, https:\/\/fotisto.space\/photographe\/wp-content\/uploads\/2024\/08\/518155048_10234935304500018_4342169035698631952_n-400x300.jpg 400w, https:\/\/fotisto.space\/photographe\/wp-content\/uploads\/2024\/08\/518155048_10234935304500018_4342169035698631952_n.jpg 2048w\" sizes=\"auto, (max-width: 709px) 85vw, (max-width: 909px) 67vw, (max-width: 1362px) 62vw, 840px\" \/><\/figure>\n\n\n\n<figure class=\"wp-block-image size-large\"><img loading=\"lazy\" decoding=\"async\" width=\"1024\" height=\"560\" src=\"https:\/\/fotisto.space\/photographe\/wp-content\/uploads\/2024\/08\/518894613_10234941225248033_5007251880704878611_n-1024x560.jpg\" alt=\"\" class=\"wp-image-7908\" srcset=\"https:\/\/fotisto.space\/photographe\/wp-content\/uploads\/2024\/08\/518894613_10234941225248033_5007251880704878611_n-1024x560.jpg 1024w, https:\/\/fotisto.space\/photographe\/wp-content\/uploads\/2024\/08\/518894613_10234941225248033_5007251880704878611_n-300x164.jpg 300w, https:\/\/fotisto.space\/photographe\/wp-content\/uploads\/2024\/08\/518894613_10234941225248033_5007251880704878611_n-768x420.jpg 768w, https:\/\/fotisto.space\/photographe\/wp-content\/uploads\/2024\/08\/518894613_10234941225248033_5007251880704878611_n-100x55.jpg 100w, https:\/\/fotisto.space\/photographe\/wp-content\/uploads\/2024\/08\/518894613_10234941225248033_5007251880704878611_n-1536x839.jpg 1536w, https:\/\/fotisto.space\/photographe\/wp-content\/uploads\/2024\/08\/518894613_10234941225248033_5007251880704878611_n-1200x656.jpg 1200w, https:\/\/fotisto.space\/photographe\/wp-content\/uploads\/2024\/08\/518894613_10234941225248033_5007251880704878611_n-400x219.jpg 400w, https:\/\/fotisto.space\/photographe\/wp-content\/uploads\/2024\/08\/518894613_10234941225248033_5007251880704878611_n.jpg 2000w\" sizes=\"auto, (max-width: 709px) 85vw, (max-width: 909px) 67vw, (max-width: 1362px) 62vw, 840px\" \/><\/figure>\n\n\n\n<figure class=\"wp-block-image size-large\"><img loading=\"lazy\" decoding=\"async\" width=\"1024\" height=\"600\" src=\"https:\/\/fotisto.space\/photographe\/wp-content\/uploads\/2024\/08\/517985738_10234915789612158_4311470963120943665_n-1024x600.jpg\" alt=\"\" class=\"wp-image-7899\" srcset=\"https:\/\/fotisto.space\/photographe\/wp-content\/uploads\/2024\/08\/517985738_10234915789612158_4311470963120943665_n-1024x600.jpg 1024w, https:\/\/fotisto.space\/photographe\/wp-content\/uploads\/2024\/08\/517985738_10234915789612158_4311470963120943665_n-300x176.jpg 300w, https:\/\/fotisto.space\/photographe\/wp-content\/uploads\/2024\/08\/517985738_10234915789612158_4311470963120943665_n-768x450.jpg 768w, https:\/\/fotisto.space\/photographe\/wp-content\/uploads\/2024\/08\/517985738_10234915789612158_4311470963120943665_n-1536x899.jpg 1536w, https:\/\/fotisto.space\/photographe\/wp-content\/uploads\/2024\/08\/517985738_10234915789612158_4311470963120943665_n-1200x703.jpg 1200w, https:\/\/fotisto.space\/photographe\/wp-content\/uploads\/2024\/08\/517985738_10234915789612158_4311470963120943665_n-400x234.jpg 400w, https:\/\/fotisto.space\/photographe\/wp-content\/uploads\/2024\/08\/517985738_10234915789612158_4311470963120943665_n.jpg 2000w\" sizes=\"auto, (max-width: 709px) 85vw, (max-width: 909px) 67vw, (max-width: 1362px) 62vw, 840px\" \/><\/figure>\n\n\n\n<figure class=\"wp-block-image size-large\"><img loading=\"lazy\" decoding=\"async\" width=\"620\" height=\"1024\" src=\"https:\/\/fotisto.space\/photographe\/wp-content\/uploads\/2024\/08\/515012747_10234821075484364_4492102270762343094_n-620x1024.jpg\" alt=\"\" class=\"wp-image-7902\" srcset=\"https:\/\/fotisto.space\/photographe\/wp-content\/uploads\/2024\/08\/515012747_10234821075484364_4492102270762343094_n-620x1024.jpg 620w, https:\/\/fotisto.space\/photographe\/wp-content\/uploads\/2024\/08\/515012747_10234821075484364_4492102270762343094_n-182x300.jpg 182w, https:\/\/fotisto.space\/photographe\/wp-content\/uploads\/2024\/08\/515012747_10234821075484364_4492102270762343094_n-400x661.jpg 400w, https:\/\/fotisto.space\/photographe\/wp-content\/uploads\/2024\/08\/515012747_10234821075484364_4492102270762343094_n.jpg 736w\" sizes=\"auto, (max-width: 709px) 85vw, (max-width: 909px) 67vw, (max-width: 984px) 61vw, (max-width: 1362px) 45vw, 600px\" \/><\/figure>\n\n\n\n<figure class=\"wp-block-image size-large\"><img loading=\"lazy\" decoding=\"async\" width=\"1024\" height=\"685\" src=\"https:\/\/fotisto.space\/photographe\/wp-content\/uploads\/2024\/08\/520459647_10234926151271193_7821085287603179552_n-1024x685.jpg\" alt=\"\" class=\"wp-image-7901\" srcset=\"https:\/\/fotisto.space\/photographe\/wp-content\/uploads\/2024\/08\/520459647_10234926151271193_7821085287603179552_n-1024x685.jpg 1024w, https:\/\/fotisto.space\/photographe\/wp-content\/uploads\/2024\/08\/520459647_10234926151271193_7821085287603179552_n-300x201.jpg 300w, https:\/\/fotisto.space\/photographe\/wp-content\/uploads\/2024\/08\/520459647_10234926151271193_7821085287603179552_n-768x513.jpg 768w, https:\/\/fotisto.space\/photographe\/wp-content\/uploads\/2024\/08\/520459647_10234926151271193_7821085287603179552_n-1536x1027.jpg 1536w, https:\/\/fotisto.space\/photographe\/wp-content\/uploads\/2024\/08\/520459647_10234926151271193_7821085287603179552_n-1200x802.jpg 1200w, https:\/\/fotisto.space\/photographe\/wp-content\/uploads\/2024\/08\/520459647_10234926151271193_7821085287603179552_n-400x267.jpg 400w, https:\/\/fotisto.space\/photographe\/wp-content\/uploads\/2024\/08\/520459647_10234926151271193_7821085287603179552_n.jpg 2048w\" sizes=\"auto, (max-width: 709px) 85vw, (max-width: 909px) 67vw, (max-width: 1362px) 62vw, 840px\" \/><\/figure>\n\n\n\n<figure class=\"wp-block-image size-large\"><img loading=\"lazy\" decoding=\"async\" width=\"773\" height=\"1024\" src=\"https:\/\/fotisto.space\/photographe\/wp-content\/uploads\/2024\/08\/P1037705-773x1024.jpg\" alt=\"\" class=\"wp-image-7897\" srcset=\"https:\/\/fotisto.space\/photographe\/wp-content\/uploads\/2024\/08\/P1037705-773x1024.jpg 773w, https:\/\/fotisto.space\/photographe\/wp-content\/uploads\/2024\/08\/P1037705-226x300.jpg 226w, https:\/\/fotisto.space\/photographe\/wp-content\/uploads\/2024\/08\/P1037705-768x1018.jpg 768w, https:\/\/fotisto.space\/photographe\/wp-content\/uploads\/2024\/08\/P1037705-1159x1536.jpg 1159w, https:\/\/fotisto.space\/photographe\/wp-content\/uploads\/2024\/08\/P1037705-1200x1590.jpg 1200w, https:\/\/fotisto.space\/photographe\/wp-content\/uploads\/2024\/08\/P1037705-400x530.jpg 400w, https:\/\/fotisto.space\/photographe\/wp-content\/uploads\/2024\/08\/P1037705.jpg 1509w\" sizes=\"auto, (max-width: 709px) 85vw, (max-width: 909px) 67vw, (max-width: 984px) 61vw, (max-width: 1362px) 45vw, 600px\" \/><\/figure>\n\n\n\n<figure class=\"wp-block-image size-large\"><img loading=\"lazy\" decoding=\"async\" width=\"1024\" height=\"566\" src=\"https:\/\/fotisto.space\/photographe\/wp-content\/uploads\/2024\/08\/P1037636-1024x566.jpg\" alt=\"\" class=\"wp-image-7891\" srcset=\"https:\/\/fotisto.space\/photographe\/wp-content\/uploads\/2024\/08\/P1037636-1024x566.jpg 1024w, https:\/\/fotisto.space\/photographe\/wp-content\/uploads\/2024\/08\/P1037636-300x166.jpg 300w, https:\/\/fotisto.space\/photographe\/wp-content\/uploads\/2024\/08\/P1037636-768x424.jpg 768w, https:\/\/fotisto.space\/photographe\/wp-content\/uploads\/2024\/08\/P1037636-1536x849.jpg 1536w, https:\/\/fotisto.space\/photographe\/wp-content\/uploads\/2024\/08\/P1037636-1200x663.jpg 1200w, https:\/\/fotisto.space\/photographe\/wp-content\/uploads\/2024\/08\/P1037636-400x221.jpg 400w, https:\/\/fotisto.space\/photographe\/wp-content\/uploads\/2024\/08\/P1037636.jpg 2000w\" sizes=\"auto, (max-width: 709px) 85vw, (max-width: 909px) 67vw, (max-width: 1362px) 62vw, 840px\" \/><\/figure>\n\n\n\n<figure class=\"wp-block-image size-large\"><img loading=\"lazy\" decoding=\"async\" width=\"1024\" height=\"561\" src=\"https:\/\/fotisto.space\/photographe\/wp-content\/uploads\/2024\/08\/P1037641-1024x561.jpg\" alt=\"\" class=\"wp-image-7892\" srcset=\"https:\/\/fotisto.space\/photographe\/wp-content\/uploads\/2024\/08\/P1037641-1024x561.jpg 1024w, https:\/\/fotisto.space\/photographe\/wp-content\/uploads\/2024\/08\/P1037641-300x164.jpg 300w, https:\/\/fotisto.space\/photographe\/wp-content\/uploads\/2024\/08\/P1037641-768x421.jpg 768w, https:\/\/fotisto.space\/photographe\/wp-content\/uploads\/2024\/08\/P1037641-1536x842.jpg 1536w, https:\/\/fotisto.space\/photographe\/wp-content\/uploads\/2024\/08\/P1037641-1200x658.jpg 1200w, https:\/\/fotisto.space\/photographe\/wp-content\/uploads\/2024\/08\/P1037641-400x219.jpg 400w, https:\/\/fotisto.space\/photographe\/wp-content\/uploads\/2024\/08\/P1037641.jpg 2000w\" sizes=\"auto, (max-width: 709px) 85vw, (max-width: 909px) 67vw, (max-width: 1362px) 62vw, 840px\" \/><\/figure>\n\n\n\n<figure class=\"wp-block-image size-large\"><img loading=\"lazy\" decoding=\"async\" width=\"872\" height=\"1024\" src=\"https:\/\/fotisto.space\/photographe\/wp-content\/uploads\/2024\/08\/517240150_10234961012462701_5269490675220299186_n-872x1024.jpg\" alt=\"\" class=\"wp-image-7894\" srcset=\"https:\/\/fotisto.space\/photographe\/wp-content\/uploads\/2024\/08\/517240150_10234961012462701_5269490675220299186_n-872x1024.jpg 872w, https:\/\/fotisto.space\/photographe\/wp-content\/uploads\/2024\/08\/517240150_10234961012462701_5269490675220299186_n-255x300.jpg 255w, https:\/\/fotisto.space\/photographe\/wp-content\/uploads\/2024\/08\/517240150_10234961012462701_5269490675220299186_n-768x902.jpg 768w, https:\/\/fotisto.space\/photographe\/wp-content\/uploads\/2024\/08\/517240150_10234961012462701_5269490675220299186_n-1307x1536.jpg 1307w, https:\/\/fotisto.space\/photographe\/wp-content\/uploads\/2024\/08\/517240150_10234961012462701_5269490675220299186_n-1200x1410.jpg 1200w, https:\/\/fotisto.space\/photographe\/wp-content\/uploads\/2024\/08\/517240150_10234961012462701_5269490675220299186_n-400x470.jpg 400w, https:\/\/fotisto.space\/photographe\/wp-content\/uploads\/2024\/08\/517240150_10234961012462701_5269490675220299186_n.jpg 1743w\" sizes=\"auto, (max-width: 709px) 85vw, (max-width: 909px) 67vw, (max-width: 1362px) 62vw, 840px\" \/><\/figure>\n\n\n\n<figure class=\"wp-block-image size-large\"><img loading=\"lazy\" decoding=\"async\" width=\"683\" height=\"1024\" src=\"https:\/\/fotisto.space\/photographe\/wp-content\/uploads\/2024\/08\/518884851_10234961008062591_7899584958213284853_n-1-683x1024.jpg\" alt=\"\" class=\"wp-image-7895\" srcset=\"https:\/\/fotisto.space\/photographe\/wp-content\/uploads\/2024\/08\/518884851_10234961008062591_7899584958213284853_n-1-683x1024.jpg 683w, https:\/\/fotisto.space\/photographe\/wp-content\/uploads\/2024\/08\/518884851_10234961008062591_7899584958213284853_n-1-200x300.jpg 200w, https:\/\/fotisto.space\/photographe\/wp-content\/uploads\/2024\/08\/518884851_10234961008062591_7899584958213284853_n-1-768x1151.jpg 768w, https:\/\/fotisto.space\/photographe\/wp-content\/uploads\/2024\/08\/518884851_10234961008062591_7899584958213284853_n-1-1025x1536.jpg 1025w, https:\/\/fotisto.space\/photographe\/wp-content\/uploads\/2024\/08\/518884851_10234961008062591_7899584958213284853_n-1-1200x1799.jpg 1200w, https:\/\/fotisto.space\/photographe\/wp-content\/uploads\/2024\/08\/518884851_10234961008062591_7899584958213284853_n-1-400x600.jpg 400w, https:\/\/fotisto.space\/photographe\/wp-content\/uploads\/2024\/08\/518884851_10234961008062591_7899584958213284853_n-1.jpg 1366w\" sizes=\"auto, (max-width: 709px) 85vw, (max-width: 909px) 67vw, (max-width: 984px) 61vw, (max-width: 1362px) 45vw, 600px\" \/><\/figure>\n\n\n\n<p class=\"has-medium-brown-color has-light-gray-background-color has-text-color has-background has-link-color wp-elements-daa765beafd650f96be9336d589d6213\"><em>Rendez vous \u00e0 La Damotte, Lundi 14 juillet <\/em><\/p>\n\n\n\n<blockquote class=\"wp-block-quote is-layout-flow wp-block-quote-is-layout-flow\">\n<p>Comme le dis si bien, H\u00e9l\u00e8ne de la Camionnette des Fermiers !<\/p>\n\n\n\n<p>Situ\u00e9e non loin de Luxeuil, la ferme de La Damotte se trouve \u00e0 La Bruy\u00e8re en Haute-Sa\u00f4ne. Install\u00e9e depuis 2001 en bio, elle propose une grande gamme de l\u00e9gumes de saison et poss\u00e8de de belles vari\u00e9t\u00e9s de tomates lorsque la saison est lanc\u00e9e.<\/p>\n\n\n\n<p>Jonas, Lucille et toute l&rsquo;\u00e9quipe ont la passion au corps. Dans une ambiance joyeuse, jeune et dynamique, \u00e7a pousse en toutes saisons. La ferme propose ses l\u00e9gumes uniquement en circuit court.<\/p>\n\n\n\n<p>Fan de tomates&nbsp;?! La ferme de La Damotte, a sans doute ce qu&rsquo;il vous faut gr\u00e2ce \u00e0 leurs nombreuses vari\u00e9t\u00e9s qu&rsquo;ils proposent \u00e0 la ferme.<\/p>\n\n\n\n<p>Leurs l\u00e9gumes sont beaux, sont bons et nous avons plaisir \u00e0 travailler avec eux chaque semaine et toute l&rsquo;ann\u00e9e.<\/p>\n<\/blockquote>\n\n\n\n<p><\/p>\n\n\n\n<figure class=\"wp-block-image size-large\"><img loading=\"lazy\" decoding=\"async\" width=\"686\" height=\"1024\" src=\"https:\/\/fotisto.space\/photographe\/wp-content\/uploads\/2024\/08\/Damotte-jeune-fille-tomates-686x1024.jpg\" alt=\"\" class=\"wp-image-7782\" srcset=\"https:\/\/fotisto.space\/photographe\/wp-content\/uploads\/2024\/08\/Damotte-jeune-fille-tomates-686x1024.jpg 686w, https:\/\/fotisto.space\/photographe\/wp-content\/uploads\/2024\/08\/Damotte-jeune-fille-tomates-201x300.jpg 201w, https:\/\/fotisto.space\/photographe\/wp-content\/uploads\/2024\/08\/Damotte-jeune-fille-tomates-768x1147.jpg 768w, https:\/\/fotisto.space\/photographe\/wp-content\/uploads\/2024\/08\/Damotte-jeune-fille-tomates-1028x1536.jpg 1028w, https:\/\/fotisto.space\/photographe\/wp-content\/uploads\/2024\/08\/Damotte-jeune-fille-tomates-1200x1792.jpg 1200w, https:\/\/fotisto.space\/photographe\/wp-content\/uploads\/2024\/08\/Damotte-jeune-fille-tomates.jpg 1339w\" sizes=\"auto, (max-width: 709px) 85vw, (max-width: 909px) 67vw, (max-width: 984px) 61vw, (max-width: 1362px) 45vw, 600px\" \/><\/figure>\n\n\n\n<figure class=\"wp-block-image size-large\"><img loading=\"lazy\" decoding=\"async\" width=\"1024\" height=\"681\" src=\"https:\/\/fotisto.space\/photographe\/wp-content\/uploads\/2024\/08\/780_2617-1024x681.jpg\" alt=\"\" class=\"wp-image-7884\" srcset=\"https:\/\/fotisto.space\/photographe\/wp-content\/uploads\/2024\/08\/780_2617-1024x681.jpg 1024w, https:\/\/fotisto.space\/photographe\/wp-content\/uploads\/2024\/08\/780_2617-300x200.jpg 300w, https:\/\/fotisto.space\/photographe\/wp-content\/uploads\/2024\/08\/780_2617-768x511.jpg 768w, https:\/\/fotisto.space\/photographe\/wp-content\/uploads\/2024\/08\/780_2617-1536x1022.jpg 1536w, https:\/\/fotisto.space\/photographe\/wp-content\/uploads\/2024\/08\/780_2617-1200x799.jpg 1200w, https:\/\/fotisto.space\/photographe\/wp-content\/uploads\/2024\/08\/780_2617-400x266.jpg 400w, https:\/\/fotisto.space\/photographe\/wp-content\/uploads\/2024\/08\/780_2617.jpg 2000w\" sizes=\"auto, (max-width: 709px) 85vw, (max-width: 909px) 67vw, (max-width: 1362px) 62vw, 840px\" \/><\/figure>\n\n\n\n<p class=\"has-medium-brown-color has-light-gray-background-color has-text-color has-background has-link-color wp-elements-fb4053ce6d8a3a6ab6ff7b70897e8f89\"><em>A ce jour, le 30.06.2025 voici les lieux ou vous pouvez trouver le livre !<\/em><\/p>\n\n\n\n<p class=\"has-medium-brown-color has-light-gray-background-color has-text-color has-background has-link-color wp-elements-c78fec5c1c841361f0f1f3b6eb528984\"><em>Pour l&rsquo;heure, le livre \u00ab\u00a0Paysannes et paysans est disponible sur ces quelques lieux de vente&#8230;Je continue bien s\u00fbr \u00e0 en d\u00e9couvrir d&rsquo;autres.<\/em> <em>L&rsquo;id\u00e9e est de diffuser le livre mais surtout le message qu&rsquo;il porte, \u00e0 savoir, manger mieux et pas loin <img loading=\"lazy\" decoding=\"async\" height=\"16\" width=\"16\" src=\"https:\/\/static.xx.fbcdn.net\/images\/emoji.php\/v9\/t57\/1\/16\/1f609.png\" alt=\"\ud83d\ude09\"><\/em><\/p>\n\n\n\n<p class=\"has-medium-brown-color has-light-gray-background-color has-text-color has-background has-link-color wp-elements-e3155e0dd26596899f74961bf0570e2d\"><em>Maison de la presse \u00e0 Vagney, Magasin des producteurs Le Magasin de nos fermes \u00e0 Remiremont, La crois\u00e9e des saveurs au Syndicat, Du Pain au Lard \u00e0 La Bresse, Librairie de l\u2019H\u00f4tel de Ville \u00e0 G\u00e9rardmer, Paysan Direct \u00e0 La Bresse, Le Point au Carr\u00e9 \u00e0 Saulxures, Le Dahu Barbu \u00e0 Ramonchamp, La boutique le T\u00e9tras \u00e0 La Schlucht., La Camionnette des fermiers, Elisa Morel \u00e0 la ferme du Kerpont \u00e0 Ferdrupt<\/em> Et d autres feront bient\u00f4t&#8230;. <em>Merci \u00e0 vous toutes et tous<\/em><\/p>\n\n\n\n<figure class=\"wp-block-image size-large\"><img loading=\"lazy\" decoding=\"async\" width=\"724\" height=\"1024\" src=\"https:\/\/fotisto.space\/photographe\/wp-content\/uploads\/2024\/08\/Dedicace-Michel-Laurent-version-2-724x1024.png\" alt=\"\" class=\"wp-image-7874\" srcset=\"https:\/\/fotisto.space\/photographe\/wp-content\/uploads\/2024\/08\/Dedicace-Michel-Laurent-version-2-724x1024.png 724w, https:\/\/fotisto.space\/photographe\/wp-content\/uploads\/2024\/08\/Dedicace-Michel-Laurent-version-2-212x300.png 212w, https:\/\/fotisto.space\/photographe\/wp-content\/uploads\/2024\/08\/Dedicace-Michel-Laurent-version-2-768x1086.png 768w, https:\/\/fotisto.space\/photographe\/wp-content\/uploads\/2024\/08\/Dedicace-Michel-Laurent-version-2-1086x1536.png 1086w, https:\/\/fotisto.space\/photographe\/wp-content\/uploads\/2024\/08\/Dedicace-Michel-Laurent-version-2-1448x2048.png 1448w, https:\/\/fotisto.space\/photographe\/wp-content\/uploads\/2024\/08\/Dedicace-Michel-Laurent-version-2-1200x1698.png 1200w, https:\/\/fotisto.space\/photographe\/wp-content\/uploads\/2024\/08\/Dedicace-Michel-Laurent-version-2-400x566.png 400w, https:\/\/fotisto.space\/photographe\/wp-content\/uploads\/2024\/08\/Dedicace-Michel-Laurent-version-2.png 1587w\" sizes=\"auto, (max-width: 709px) 85vw, (max-width: 909px) 67vw, (max-width: 984px) 61vw, (max-width: 1362px) 45vw, 600px\" \/><\/figure>\n\n\n\n<p class=\"has-medium-brown-color has-light-gray-background-color has-text-color has-background has-link-color wp-elements-f93db668c12c8f93982a0cf34a1f5fb1\"><em>Le chemin qui m\u00e8ne \u00e0 fabriquer un livre,  \u00e0 lire et le regarder  est tr\u00e8s long&#8230; Mais heureusement c&rsquo;est un chemin sympathique.<\/em><\/p>\n\n\n\n<figure class=\"wp-block-image size-large\"><img loading=\"lazy\" decoding=\"async\" width=\"777\" height=\"1024\" src=\"https:\/\/fotisto.space\/photographe\/wp-content\/uploads\/2024\/08\/506843707_10234477902065243_7576864515409754233_n-777x1024.jpg\" alt=\"\" class=\"wp-image-7868\" srcset=\"https:\/\/fotisto.space\/photographe\/wp-content\/uploads\/2024\/08\/506843707_10234477902065243_7576864515409754233_n-777x1024.jpg 777w, https:\/\/fotisto.space\/photographe\/wp-content\/uploads\/2024\/08\/506843707_10234477902065243_7576864515409754233_n-228x300.jpg 228w, https:\/\/fotisto.space\/photographe\/wp-content\/uploads\/2024\/08\/506843707_10234477902065243_7576864515409754233_n-768x1013.jpg 768w, https:\/\/fotisto.space\/photographe\/wp-content\/uploads\/2024\/08\/506843707_10234477902065243_7576864515409754233_n-1165x1536.jpg 1165w, https:\/\/fotisto.space\/photographe\/wp-content\/uploads\/2024\/08\/506843707_10234477902065243_7576864515409754233_n-1200x1582.jpg 1200w, https:\/\/fotisto.space\/photographe\/wp-content\/uploads\/2024\/08\/506843707_10234477902065243_7576864515409754233_n-400x527.jpg 400w, https:\/\/fotisto.space\/photographe\/wp-content\/uploads\/2024\/08\/506843707_10234477902065243_7576864515409754233_n.jpg 1517w\" sizes=\"auto, (max-width: 709px) 85vw, (max-width: 909px) 67vw, (max-width: 984px) 61vw, (max-width: 1362px) 45vw, 600px\" \/><\/figure>\n\n\n\n<figure class=\"wp-block-image size-full\"><img loading=\"lazy\" decoding=\"async\" width=\"982\" height=\"761\" src=\"https:\/\/fotisto.space\/photographe\/wp-content\/uploads\/2024\/08\/506034113_10234473727440880_5937440109097198533_n.jpg\" alt=\"\" class=\"wp-image-7872\" srcset=\"https:\/\/fotisto.space\/photographe\/wp-content\/uploads\/2024\/08\/506034113_10234473727440880_5937440109097198533_n.jpg 982w, https:\/\/fotisto.space\/photographe\/wp-content\/uploads\/2024\/08\/506034113_10234473727440880_5937440109097198533_n-300x232.jpg 300w, https:\/\/fotisto.space\/photographe\/wp-content\/uploads\/2024\/08\/506034113_10234473727440880_5937440109097198533_n-768x595.jpg 768w, https:\/\/fotisto.space\/photographe\/wp-content\/uploads\/2024\/08\/506034113_10234473727440880_5937440109097198533_n-400x310.jpg 400w\" sizes=\"auto, (max-width: 709px) 85vw, (max-width: 909px) 67vw, (max-width: 1362px) 62vw, 840px\" \/><\/figure>\n\n\n\n<figure class=\"wp-block-image size-full\"><img loading=\"lazy\" decoding=\"async\" width=\"752\" height=\"1020\" src=\"https:\/\/fotisto.space\/photographe\/wp-content\/uploads\/2024\/08\/505389315_10234458946271360_844864734722965862_n.jpg\" alt=\"\" class=\"wp-image-7869\" srcset=\"https:\/\/fotisto.space\/photographe\/wp-content\/uploads\/2024\/08\/505389315_10234458946271360_844864734722965862_n.jpg 752w, https:\/\/fotisto.space\/photographe\/wp-content\/uploads\/2024\/08\/505389315_10234458946271360_844864734722965862_n-221x300.jpg 221w, https:\/\/fotisto.space\/photographe\/wp-content\/uploads\/2024\/08\/505389315_10234458946271360_844864734722965862_n-400x543.jpg 400w\" sizes=\"auto, (max-width: 709px) 85vw, (max-width: 909px) 67vw, (max-width: 984px) 61vw, (max-width: 1362px) 45vw, 600px\" \/><\/figure>\n\n\n\n<figure class=\"wp-block-image size-full\"><img loading=\"lazy\" decoding=\"async\" width=\"752\" height=\"1020\" src=\"https:\/\/fotisto.space\/photographe\/wp-content\/uploads\/2024\/08\/506036045_10234479931315973_2065359996591167006_n.jpg\" alt=\"\" class=\"wp-image-7870\" srcset=\"https:\/\/fotisto.space\/photographe\/wp-content\/uploads\/2024\/08\/506036045_10234479931315973_2065359996591167006_n.jpg 752w, https:\/\/fotisto.space\/photographe\/wp-content\/uploads\/2024\/08\/506036045_10234479931315973_2065359996591167006_n-221x300.jpg 221w, https:\/\/fotisto.space\/photographe\/wp-content\/uploads\/2024\/08\/506036045_10234479931315973_2065359996591167006_n-400x543.jpg 400w\" sizes=\"auto, (max-width: 709px) 85vw, (max-width: 909px) 67vw, (max-width: 984px) 61vw, (max-width: 1362px) 45vw, 600px\" \/><\/figure>\n\n\n\n<figure class=\"wp-block-image size-large\"><img loading=\"lazy\" decoding=\"async\" width=\"1024\" height=\"625\" src=\"https:\/\/fotisto.space\/photographe\/wp-content\/uploads\/2024\/08\/505483956_10234462223913299_6110927383801207340_n-1024x625.jpg\" alt=\"\" class=\"wp-image-7871\" srcset=\"https:\/\/fotisto.space\/photographe\/wp-content\/uploads\/2024\/08\/505483956_10234462223913299_6110927383801207340_n-1024x625.jpg 1024w, https:\/\/fotisto.space\/photographe\/wp-content\/uploads\/2024\/08\/505483956_10234462223913299_6110927383801207340_n-300x183.jpg 300w, https:\/\/fotisto.space\/photographe\/wp-content\/uploads\/2024\/08\/505483956_10234462223913299_6110927383801207340_n-768x468.jpg 768w, https:\/\/fotisto.space\/photographe\/wp-content\/uploads\/2024\/08\/505483956_10234462223913299_6110927383801207340_n-1536x937.jpg 1536w, https:\/\/fotisto.space\/photographe\/wp-content\/uploads\/2024\/08\/505483956_10234462223913299_6110927383801207340_n-1200x732.jpg 1200w, https:\/\/fotisto.space\/photographe\/wp-content\/uploads\/2024\/08\/505483956_10234462223913299_6110927383801207340_n-400x244.jpg 400w, https:\/\/fotisto.space\/photographe\/wp-content\/uploads\/2024\/08\/505483956_10234462223913299_6110927383801207340_n.jpg 2000w\" sizes=\"auto, (max-width: 709px) 85vw, (max-width: 909px) 67vw, (max-width: 1362px) 62vw, 840px\" \/><\/figure>\n\n\n\n<p class=\"has-medium-brown-color has-light-gray-background-color has-text-color has-background has-link-color wp-elements-147291ca3248a1457b249f16f8b56be4\"><em>Histoire de ne pas se perdre, de trouver et de retrouver. plus de 40 adresses un peu partout sur notre territoire&#8230; Et bien d&rsquo;autres \u00e0 chercher et d\u00e9couvrir !<\/em><\/p>\n\n\n\n<figure class=\"wp-block-image size-large\"><img loading=\"lazy\" decoding=\"async\" width=\"1024\" height=\"686\" src=\"https:\/\/fotisto.space\/photographe\/wp-content\/uploads\/2024\/08\/Montage-qrcode-expo-1@@-1024x686.jpg\" alt=\"\" class=\"wp-image-7801\" srcset=\"https:\/\/fotisto.space\/photographe\/wp-content\/uploads\/2024\/08\/Montage-qrcode-expo-1@@-1024x686.jpg 1024w, https:\/\/fotisto.space\/photographe\/wp-content\/uploads\/2024\/08\/Montage-qrcode-expo-1@@-300x201.jpg 300w, https:\/\/fotisto.space\/photographe\/wp-content\/uploads\/2024\/08\/Montage-qrcode-expo-1@@-768x514.jpg 768w, https:\/\/fotisto.space\/photographe\/wp-content\/uploads\/2024\/08\/Montage-qrcode-expo-1@@-1536x1028.jpg 1536w, https:\/\/fotisto.space\/photographe\/wp-content\/uploads\/2024\/08\/Montage-qrcode-expo-1@@-1200x803.jpg 1200w, https:\/\/fotisto.space\/photographe\/wp-content\/uploads\/2024\/08\/Montage-qrcode-expo-1@@.jpg 2000w\" sizes=\"auto, (max-width: 709px) 85vw, (max-width: 909px) 67vw, (max-width: 1362px) 62vw, 840px\" \/><\/figure>\n\n\n\n<p><em>Tirage info expo 80 x 120<\/em><\/p>\n\n\n\n<p class=\"has-medium-brown-color has-light-gray-background-color has-text-color has-background has-link-color wp-elements-cf1cadfd11dec2d93ef8309a79ed010b\"><em>A la veille de la sortie du livre, je n&rsquo;ai plus rien \u00e0 ajouter au contenu, ni photo ni texte, mais je peux tout de m\u00eame accompagner. Aujourd&rsquo;hui l&rsquo;agriculture \u00ab\u00a0normale\u00a0\u00bb n&rsquo;a jamais \u00e9t\u00e9 aussi \u00e9vidente. Elle apporte et respecte, elle est pleine de bon sens. Mais malgr\u00e9 tout, il y a toujours des escrocs au coin du champ et c&rsquo;est p\u00e9nible. J&rsquo;ai bien l&rsquo;intention d&rsquo;accompagner la diffusion de ce livre de messages et d informations. A  tt bient\u00f4t !<\/em><\/p>\n\n\n\n<figure class=\"wp-block-image size-large\"><img loading=\"lazy\" decoding=\"async\" width=\"1024\" height=\"550\" src=\"https:\/\/fotisto.space\/photographe\/wp-content\/uploads\/2024\/08\/DSC_5210@-1024x550.jpg\" alt=\"\" class=\"wp-image-7797\" srcset=\"https:\/\/fotisto.space\/photographe\/wp-content\/uploads\/2024\/08\/DSC_5210@-1024x550.jpg 1024w, https:\/\/fotisto.space\/photographe\/wp-content\/uploads\/2024\/08\/DSC_5210@-300x161.jpg 300w, https:\/\/fotisto.space\/photographe\/wp-content\/uploads\/2024\/08\/DSC_5210@-768x412.jpg 768w, https:\/\/fotisto.space\/photographe\/wp-content\/uploads\/2024\/08\/DSC_5210@-1536x825.jpg 1536w, https:\/\/fotisto.space\/photographe\/wp-content\/uploads\/2024\/08\/DSC_5210@-2048x1099.jpg 2048w, https:\/\/fotisto.space\/photographe\/wp-content\/uploads\/2024\/08\/DSC_5210@-1200x644.jpg 1200w\" sizes=\"auto, (max-width: 709px) 85vw, (max-width: 909px) 67vw, (max-width: 1362px) 62vw, 840px\" \/><\/figure>\n\n\n\n<figure class=\"wp-block-image size-large\"><img loading=\"lazy\" decoding=\"async\" width=\"734\" height=\"1024\" src=\"https:\/\/fotisto.space\/photographe\/wp-content\/uploads\/2024\/08\/montage-flyer_1-734x1024.jpg\" alt=\"\" class=\"wp-image-7795\" srcset=\"https:\/\/fotisto.space\/photographe\/wp-content\/uploads\/2024\/08\/montage-flyer_1-734x1024.jpg 734w, https:\/\/fotisto.space\/photographe\/wp-content\/uploads\/2024\/08\/montage-flyer_1-215x300.jpg 215w, https:\/\/fotisto.space\/photographe\/wp-content\/uploads\/2024\/08\/montage-flyer_1-768x1072.jpg 768w, https:\/\/fotisto.space\/photographe\/wp-content\/uploads\/2024\/08\/montage-flyer_1-1101x1536.jpg 1101w, https:\/\/fotisto.space\/photographe\/wp-content\/uploads\/2024\/08\/montage-flyer_1-1467x2048.jpg 1467w, https:\/\/fotisto.space\/photographe\/wp-content\/uploads\/2024\/08\/montage-flyer_1-1200x1675.jpg 1200w, https:\/\/fotisto.space\/photographe\/wp-content\/uploads\/2024\/08\/montage-flyer_1-scaled.jpg 1834w\" sizes=\"auto, (max-width: 709px) 85vw, (max-width: 909px) 67vw, (max-width: 984px) 61vw, (max-width: 1362px) 45vw, 600px\" \/><\/figure>\n\n\n\n<h3 class=\"wp-block-heading\">L&rsquo;\u00e9tape de l&rsquo;Impression<\/h3>\n\n\n\n<figure class=\"wp-block-embed is-type-video is-provider-youtube wp-block-embed-youtube wp-embed-aspect-16-9 wp-has-aspect-ratio\"><div class=\"wp-block-embed__wrapper\">\n<iframe loading=\"lazy\" title=\"Impression &quot;Paysannes et paysans&quot;\" width=\"840\" height=\"473\" src=\"https:\/\/www.youtube.com\/embed\/JVuez2oUvso?feature=oembed\" frameborder=\"0\" allow=\"accelerometer; autoplay; clipboard-write; encrypted-media; gyroscope; picture-in-picture; web-share\" referrerpolicy=\"strict-origin-when-cross-origin\" allowfullscreen><\/iframe>\n<\/div><\/figure>\n\n\n\n<p class=\"has-medium-brown-color has-light-gray-background-color has-text-color has-background has-link-color wp-elements-2bdcb3a493510765e6cb936ffce68cda\"><em>Rendez-vous \u00e0 St Di\u00e9. Imprimerie l&rsquo;Ormont<\/em><\/p>\n\n\n\n<figure class=\"wp-block-image size-large\"><img loading=\"lazy\" decoding=\"async\" width=\"698\" height=\"1024\" src=\"https:\/\/fotisto.space\/photographe\/wp-content\/uploads\/2024\/08\/496805431_10234037724861088_1432105369569069781_n-698x1024.jpg\" alt=\"\" class=\"wp-image-7787\" srcset=\"https:\/\/fotisto.space\/photographe\/wp-content\/uploads\/2024\/08\/496805431_10234037724861088_1432105369569069781_n-698x1024.jpg 698w, https:\/\/fotisto.space\/photographe\/wp-content\/uploads\/2024\/08\/496805431_10234037724861088_1432105369569069781_n-204x300.jpg 204w, https:\/\/fotisto.space\/photographe\/wp-content\/uploads\/2024\/08\/496805431_10234037724861088_1432105369569069781_n-768x1128.jpg 768w, https:\/\/fotisto.space\/photographe\/wp-content\/uploads\/2024\/08\/496805431_10234037724861088_1432105369569069781_n-1046x1536.jpg 1046w, https:\/\/fotisto.space\/photographe\/wp-content\/uploads\/2024\/08\/496805431_10234037724861088_1432105369569069781_n-1200x1762.jpg 1200w, https:\/\/fotisto.space\/photographe\/wp-content\/uploads\/2024\/08\/496805431_10234037724861088_1432105369569069781_n.jpg 1395w\" sizes=\"auto, (max-width: 709px) 85vw, (max-width: 909px) 67vw, (max-width: 984px) 61vw, (max-width: 1362px) 45vw, 600px\" \/><\/figure>\n\n\n\n<figure class=\"wp-block-image size-large\"><img loading=\"lazy\" decoding=\"async\" width=\"1024\" height=\"604\" src=\"https:\/\/fotisto.space\/photographe\/wp-content\/uploads\/2024\/08\/496802112_10234037724501079_6465639595951591308_n-1024x604.jpg\" alt=\"\" class=\"wp-image-7788\" srcset=\"https:\/\/fotisto.space\/photographe\/wp-content\/uploads\/2024\/08\/496802112_10234037724501079_6465639595951591308_n-1024x604.jpg 1024w, https:\/\/fotisto.space\/photographe\/wp-content\/uploads\/2024\/08\/496802112_10234037724501079_6465639595951591308_n-300x177.jpg 300w, https:\/\/fotisto.space\/photographe\/wp-content\/uploads\/2024\/08\/496802112_10234037724501079_6465639595951591308_n-768x453.jpg 768w, https:\/\/fotisto.space\/photographe\/wp-content\/uploads\/2024\/08\/496802112_10234037724501079_6465639595951591308_n-1536x906.jpg 1536w, https:\/\/fotisto.space\/photographe\/wp-content\/uploads\/2024\/08\/496802112_10234037724501079_6465639595951591308_n-1200x708.jpg 1200w, https:\/\/fotisto.space\/photographe\/wp-content\/uploads\/2024\/08\/496802112_10234037724501079_6465639595951591308_n.jpg 2000w\" sizes=\"auto, (max-width: 709px) 85vw, (max-width: 909px) 67vw, (max-width: 1362px) 62vw, 840px\" \/><\/figure>\n\n\n\n<figure class=\"wp-block-image size-large\"><img loading=\"lazy\" decoding=\"async\" width=\"1024\" height=\"612\" src=\"https:\/\/fotisto.space\/photographe\/wp-content\/uploads\/2024\/08\/496423240_10234037723061043_3848931135753010039_n-1024x612.jpg\" alt=\"\" class=\"wp-image-7789\" srcset=\"https:\/\/fotisto.space\/photographe\/wp-content\/uploads\/2024\/08\/496423240_10234037723061043_3848931135753010039_n-1024x612.jpg 1024w, https:\/\/fotisto.space\/photographe\/wp-content\/uploads\/2024\/08\/496423240_10234037723061043_3848931135753010039_n-300x179.jpg 300w, https:\/\/fotisto.space\/photographe\/wp-content\/uploads\/2024\/08\/496423240_10234037723061043_3848931135753010039_n-768x459.jpg 768w, https:\/\/fotisto.space\/photographe\/wp-content\/uploads\/2024\/08\/496423240_10234037723061043_3848931135753010039_n-1536x918.jpg 1536w, https:\/\/fotisto.space\/photographe\/wp-content\/uploads\/2024\/08\/496423240_10234037723061043_3848931135753010039_n-1200x717.jpg 1200w, https:\/\/fotisto.space\/photographe\/wp-content\/uploads\/2024\/08\/496423240_10234037723061043_3848931135753010039_n.jpg 2000w\" sizes=\"auto, (max-width: 709px) 85vw, (max-width: 909px) 67vw, (max-width: 1362px) 62vw, 840px\" \/><\/figure>\n\n\n\n<figure class=\"wp-block-image size-large\"><img loading=\"lazy\" decoding=\"async\" width=\"1024\" height=\"682\" src=\"https:\/\/fotisto.space\/photographe\/wp-content\/uploads\/2024\/08\/496797647_10234037723101044_9027965908799276961_n-1024x682.jpg\" alt=\"\" class=\"wp-image-7790\" srcset=\"https:\/\/fotisto.space\/photographe\/wp-content\/uploads\/2024\/08\/496797647_10234037723101044_9027965908799276961_n-1024x682.jpg 1024w, https:\/\/fotisto.space\/photographe\/wp-content\/uploads\/2024\/08\/496797647_10234037723101044_9027965908799276961_n-300x200.jpg 300w, https:\/\/fotisto.space\/photographe\/wp-content\/uploads\/2024\/08\/496797647_10234037723101044_9027965908799276961_n-768x512.jpg 768w, https:\/\/fotisto.space\/photographe\/wp-content\/uploads\/2024\/08\/496797647_10234037723101044_9027965908799276961_n-1536x1024.jpg 1536w, https:\/\/fotisto.space\/photographe\/wp-content\/uploads\/2024\/08\/496797647_10234037723101044_9027965908799276961_n-1200x800.jpg 1200w, https:\/\/fotisto.space\/photographe\/wp-content\/uploads\/2024\/08\/496797647_10234037723101044_9027965908799276961_n.jpg 2000w\" sizes=\"auto, (max-width: 709px) 85vw, (max-width: 909px) 67vw, (max-width: 1362px) 62vw, 840px\" \/><\/figure>\n\n\n\n<figure class=\"wp-block-image size-large\"><img loading=\"lazy\" decoding=\"async\" width=\"1024\" height=\"682\" src=\"https:\/\/fotisto.space\/photographe\/wp-content\/uploads\/2024\/08\/497496309_10234037723021042_7628741932220772492_n-1024x682.jpg\" alt=\"\" class=\"wp-image-7791\" srcset=\"https:\/\/fotisto.space\/photographe\/wp-content\/uploads\/2024\/08\/497496309_10234037723021042_7628741932220772492_n-1024x682.jpg 1024w, https:\/\/fotisto.space\/photographe\/wp-content\/uploads\/2024\/08\/497496309_10234037723021042_7628741932220772492_n-300x200.jpg 300w, https:\/\/fotisto.space\/photographe\/wp-content\/uploads\/2024\/08\/497496309_10234037723021042_7628741932220772492_n-768x512.jpg 768w, https:\/\/fotisto.space\/photographe\/wp-content\/uploads\/2024\/08\/497496309_10234037723021042_7628741932220772492_n-1536x1024.jpg 1536w, https:\/\/fotisto.space\/photographe\/wp-content\/uploads\/2024\/08\/497496309_10234037723021042_7628741932220772492_n-1200x800.jpg 1200w, https:\/\/fotisto.space\/photographe\/wp-content\/uploads\/2024\/08\/497496309_10234037723021042_7628741932220772492_n.jpg 2000w\" sizes=\"auto, (max-width: 709px) 85vw, (max-width: 909px) 67vw, (max-width: 1362px) 62vw, 840px\" \/><\/figure>\n\n\n\n<h3 class=\"wp-block-heading\">Montage de l&rsquo;exposition \u00ab\u00a0Paysannes et paysans<\/h3>\n\n\n\n<p class=\"has-medium-brown-color has-light-gray-background-color has-text-color has-background has-link-color wp-elements-442313984dac5ba4ef1e288bffe34fdf\"><em>En marge de la sortie du livre, une exposition photo accompagne le projet.  30 tirages format 120 x 80 cm mont\u00e9s sur plaques dibon. L&rsquo;exposition se veut itin\u00e9rante et disponible. Les plaques sont rang\u00e9es dans des caisses de transport<\/em><\/p>\n\n\n\n<figure class=\"wp-block-image size-large\"><img loading=\"lazy\" decoding=\"async\" width=\"686\" height=\"1024\" src=\"https:\/\/fotisto.space\/photographe\/wp-content\/uploads\/2024\/08\/Damotte-jeune-fille-tomates-686x1024.jpg\" alt=\"\" class=\"wp-image-7782\" srcset=\"https:\/\/fotisto.space\/photographe\/wp-content\/uploads\/2024\/08\/Damotte-jeune-fille-tomates-686x1024.jpg 686w, https:\/\/fotisto.space\/photographe\/wp-content\/uploads\/2024\/08\/Damotte-jeune-fille-tomates-201x300.jpg 201w, https:\/\/fotisto.space\/photographe\/wp-content\/uploads\/2024\/08\/Damotte-jeune-fille-tomates-768x1147.jpg 768w, https:\/\/fotisto.space\/photographe\/wp-content\/uploads\/2024\/08\/Damotte-jeune-fille-tomates-1028x1536.jpg 1028w, https:\/\/fotisto.space\/photographe\/wp-content\/uploads\/2024\/08\/Damotte-jeune-fille-tomates-1200x1792.jpg 1200w, https:\/\/fotisto.space\/photographe\/wp-content\/uploads\/2024\/08\/Damotte-jeune-fille-tomates.jpg 1339w\" sizes=\"auto, (max-width: 709px) 85vw, (max-width: 909px) 67vw, (max-width: 984px) 61vw, (max-width: 1362px) 45vw, 600px\" \/><\/figure>\n\n\n\n<figure class=\"wp-block-gallery has-nested-images columns-default is-cropped wp-block-gallery-1 is-layout-flex wp-block-gallery-is-layout-flex\">\n<figure class=\"wp-block-image size-large\"><img loading=\"lazy\" decoding=\"async\" width=\"1024\" height=\"686\" data-id=\"7778\" src=\"https:\/\/fotisto.space\/photographe\/wp-content\/uploads\/2024\/08\/Ferme-Claudel-1-1024x686.jpg\" alt=\"\" class=\"wp-image-7778\" srcset=\"https:\/\/fotisto.space\/photographe\/wp-content\/uploads\/2024\/08\/Ferme-Claudel-1-1024x686.jpg 1024w, https:\/\/fotisto.space\/photographe\/wp-content\/uploads\/2024\/08\/Ferme-Claudel-1-300x201.jpg 300w, https:\/\/fotisto.space\/photographe\/wp-content\/uploads\/2024\/08\/Ferme-Claudel-1-768x514.jpg 768w, https:\/\/fotisto.space\/photographe\/wp-content\/uploads\/2024\/08\/Ferme-Claudel-1-1536x1028.jpg 1536w, https:\/\/fotisto.space\/photographe\/wp-content\/uploads\/2024\/08\/Ferme-Claudel-1-1200x803.jpg 1200w, https:\/\/fotisto.space\/photographe\/wp-content\/uploads\/2024\/08\/Ferme-Claudel-1.jpg 2000w\" sizes=\"auto, (max-width: 709px) 85vw, (max-width: 909px) 67vw, (max-width: 1362px) 62vw, 840px\" \/><\/figure>\n\n\n\n<figure class=\"wp-block-image size-large\"><img loading=\"lazy\" decoding=\"async\" width=\"1024\" height=\"686\" data-id=\"7777\" src=\"https:\/\/fotisto.space\/photographe\/wp-content\/uploads\/2024\/08\/saveurs-du-ried-1024x686.jpg\" alt=\"\" class=\"wp-image-7777\" srcset=\"https:\/\/fotisto.space\/photographe\/wp-content\/uploads\/2024\/08\/saveurs-du-ried-1024x686.jpg 1024w, https:\/\/fotisto.space\/photographe\/wp-content\/uploads\/2024\/08\/saveurs-du-ried-300x201.jpg 300w, https:\/\/fotisto.space\/photographe\/wp-content\/uploads\/2024\/08\/saveurs-du-ried-768x514.jpg 768w, https:\/\/fotisto.space\/photographe\/wp-content\/uploads\/2024\/08\/saveurs-du-ried-1536x1028.jpg 1536w, https:\/\/fotisto.space\/photographe\/wp-content\/uploads\/2024\/08\/saveurs-du-ried-1200x803.jpg 1200w, https:\/\/fotisto.space\/photographe\/wp-content\/uploads\/2024\/08\/saveurs-du-ried.jpg 2000w\" sizes=\"auto, (max-width: 709px) 85vw, (max-width: 909px) 67vw, (max-width: 1362px) 62vw, 840px\" \/><\/figure>\n\n\n\n<figure class=\"wp-block-image size-large\"><img loading=\"lazy\" decoding=\"async\" width=\"1024\" height=\"686\" data-id=\"7776\" src=\"https:\/\/fotisto.space\/photographe\/wp-content\/uploads\/2024\/08\/Mehrbachel-1024x686.jpg\" alt=\"\" class=\"wp-image-7776\" srcset=\"https:\/\/fotisto.space\/photographe\/wp-content\/uploads\/2024\/08\/Mehrbachel-1024x686.jpg 1024w, https:\/\/fotisto.space\/photographe\/wp-content\/uploads\/2024\/08\/Mehrbachel-300x201.jpg 300w, https:\/\/fotisto.space\/photographe\/wp-content\/uploads\/2024\/08\/Mehrbachel-768x514.jpg 768w, https:\/\/fotisto.space\/photographe\/wp-content\/uploads\/2024\/08\/Mehrbachel-1536x1028.jpg 1536w, https:\/\/fotisto.space\/photographe\/wp-content\/uploads\/2024\/08\/Mehrbachel-1200x803.jpg 1200w, https:\/\/fotisto.space\/photographe\/wp-content\/uploads\/2024\/08\/Mehrbachel.jpg 2000w\" sizes=\"auto, (max-width: 709px) 85vw, (max-width: 909px) 67vw, (max-width: 1362px) 62vw, 840px\" \/><\/figure>\n\n\n\n<figure class=\"wp-block-image size-large\"><img loading=\"lazy\" decoding=\"async\" width=\"1024\" height=\"686\" data-id=\"7775\" src=\"https:\/\/fotisto.space\/photographe\/wp-content\/uploads\/2024\/08\/Julie-Vacceux-1024x686.jpg\" alt=\"\" class=\"wp-image-7775\" srcset=\"https:\/\/fotisto.space\/photographe\/wp-content\/uploads\/2024\/08\/Julie-Vacceux-1024x686.jpg 1024w, https:\/\/fotisto.space\/photographe\/wp-content\/uploads\/2024\/08\/Julie-Vacceux-300x201.jpg 300w, https:\/\/fotisto.space\/photographe\/wp-content\/uploads\/2024\/08\/Julie-Vacceux-768x514.jpg 768w, https:\/\/fotisto.space\/photographe\/wp-content\/uploads\/2024\/08\/Julie-Vacceux.jpg 2000w\" sizes=\"auto, (max-width: 709px) 85vw, (max-width: 909px) 67vw, (max-width: 1362px) 62vw, 840px\" \/><\/figure>\n\n\n\n<figure class=\"wp-block-image size-large\"><img loading=\"lazy\" decoding=\"async\" width=\"1024\" height=\"686\" data-id=\"7774\" src=\"https:\/\/fotisto.space\/photographe\/wp-content\/uploads\/2024\/08\/Jardins-de-B-1024x686.jpg\" alt=\"\" class=\"wp-image-7774\" srcset=\"https:\/\/fotisto.space\/photographe\/wp-content\/uploads\/2024\/08\/Jardins-de-B-1024x686.jpg 1024w, https:\/\/fotisto.space\/photographe\/wp-content\/uploads\/2024\/08\/Jardins-de-B-300x201.jpg 300w, https:\/\/fotisto.space\/photographe\/wp-content\/uploads\/2024\/08\/Jardins-de-B-768x514.jpg 768w, https:\/\/fotisto.space\/photographe\/wp-content\/uploads\/2024\/08\/Jardins-de-B-1536x1028.jpg 1536w, https:\/\/fotisto.space\/photographe\/wp-content\/uploads\/2024\/08\/Jardins-de-B-1200x803.jpg 1200w, https:\/\/fotisto.space\/photographe\/wp-content\/uploads\/2024\/08\/Jardins-de-B.jpg 2000w\" sizes=\"auto, (max-width: 709px) 85vw, (max-width: 909px) 67vw, (max-width: 1362px) 62vw, 840px\" \/><\/figure>\n\n\n\n<figure class=\"wp-block-image size-large\"><img loading=\"lazy\" decoding=\"async\" width=\"1024\" height=\"686\" data-id=\"7773\" src=\"https:\/\/fotisto.space\/photographe\/wp-content\/uploads\/2024\/08\/Ferme-Lauvy-1-1024x686.jpg\" alt=\"\" class=\"wp-image-7773\" srcset=\"https:\/\/fotisto.space\/photographe\/wp-content\/uploads\/2024\/08\/Ferme-Lauvy-1-1024x686.jpg 1024w, https:\/\/fotisto.space\/photographe\/wp-content\/uploads\/2024\/08\/Ferme-Lauvy-1-300x201.jpg 300w, https:\/\/fotisto.space\/photographe\/wp-content\/uploads\/2024\/08\/Ferme-Lauvy-1-768x514.jpg 768w, https:\/\/fotisto.space\/photographe\/wp-content\/uploads\/2024\/08\/Ferme-Lauvy-1-1536x1028.jpg 1536w, https:\/\/fotisto.space\/photographe\/wp-content\/uploads\/2024\/08\/Ferme-Lauvy-1-1200x803.jpg 1200w, https:\/\/fotisto.space\/photographe\/wp-content\/uploads\/2024\/08\/Ferme-Lauvy-1.jpg 2000w\" sizes=\"auto, (max-width: 709px) 85vw, (max-width: 909px) 67vw, (max-width: 1362px) 62vw, 840px\" \/><\/figure>\n\n\n\n<figure class=\"wp-block-image size-large\"><img loading=\"lazy\" decoding=\"async\" width=\"1024\" height=\"686\" data-id=\"7772\" src=\"https:\/\/fotisto.space\/photographe\/wp-content\/uploads\/2024\/08\/Pierrevelcin-1024x686.jpg\" alt=\"\" class=\"wp-image-7772\" srcset=\"https:\/\/fotisto.space\/photographe\/wp-content\/uploads\/2024\/08\/Pierrevelcin-1024x686.jpg 1024w, https:\/\/fotisto.space\/photographe\/wp-content\/uploads\/2024\/08\/Pierrevelcin-300x201.jpg 300w, https:\/\/fotisto.space\/photographe\/wp-content\/uploads\/2024\/08\/Pierrevelcin-768x514.jpg 768w, https:\/\/fotisto.space\/photographe\/wp-content\/uploads\/2024\/08\/Pierrevelcin-1536x1028.jpg 1536w, https:\/\/fotisto.space\/photographe\/wp-content\/uploads\/2024\/08\/Pierrevelcin-1200x803.jpg 1200w, https:\/\/fotisto.space\/photographe\/wp-content\/uploads\/2024\/08\/Pierrevelcin.jpg 2000w\" sizes=\"auto, (max-width: 709px) 85vw, (max-width: 909px) 67vw, (max-width: 1362px) 62vw, 840px\" \/><\/figure>\n\n\n\n<figure class=\"wp-block-image size-large\"><img loading=\"lazy\" decoding=\"async\" width=\"2000\" height=\"1339\" data-id=\"7771\" src=\"https:\/\/fotisto.space\/photographe\/wp-content\/uploads\/2024\/08\/Felsach-1.jpg\" alt=\"\" class=\"wp-image-7771\"\/><\/figure>\n\n\n\n<figure class=\"wp-block-image size-large\"><img loading=\"lazy\" decoding=\"async\" width=\"1024\" height=\"686\" data-id=\"7770\" src=\"https:\/\/fotisto.space\/photographe\/wp-content\/uploads\/2024\/08\/JM-Curien-1024x686.jpg\" alt=\"\" class=\"wp-image-7770\" srcset=\"https:\/\/fotisto.space\/photographe\/wp-content\/uploads\/2024\/08\/JM-Curien-1024x686.jpg 1024w, https:\/\/fotisto.space\/photographe\/wp-content\/uploads\/2024\/08\/JM-Curien-300x201.jpg 300w, https:\/\/fotisto.space\/photographe\/wp-content\/uploads\/2024\/08\/JM-Curien-768x514.jpg 768w, https:\/\/fotisto.space\/photographe\/wp-content\/uploads\/2024\/08\/JM-Curien-1536x1028.jpg 1536w, https:\/\/fotisto.space\/photographe\/wp-content\/uploads\/2024\/08\/JM-Curien-1200x803.jpg 1200w, https:\/\/fotisto.space\/photographe\/wp-content\/uploads\/2024\/08\/JM-Curien.jpg 2000w\" sizes=\"auto, (max-width: 709px) 85vw, (max-width: 909px) 67vw, (max-width: 1362px) 62vw, 840px\" \/><\/figure>\n\n\n\n<figure class=\"wp-block-image size-large\"><img loading=\"lazy\" decoding=\"async\" width=\"2000\" height=\"1339\" data-id=\"7769\" src=\"https:\/\/fotisto.space\/photographe\/wp-content\/uploads\/2024\/08\/Girmontoise-2.jpg\" alt=\"\" class=\"wp-image-7769\" srcset=\"https:\/\/fotisto.space\/photographe\/wp-content\/uploads\/2024\/08\/Girmontoise-2.jpg 2000w, https:\/\/fotisto.space\/photographe\/wp-content\/uploads\/2024\/08\/Girmontoise-2-300x201.jpg 300w\" sizes=\"auto, (max-width: 709px) 85vw, (max-width: 909px) 67vw, (max-width: 1362px) 62vw, 840px\" \/><\/figure>\n\n\n\n<figure class=\"wp-block-image size-large\"><img loading=\"lazy\" decoding=\"async\" width=\"2000\" height=\"1339\" data-id=\"7768\" src=\"https:\/\/fotisto.space\/photographe\/wp-content\/uploads\/2024\/08\/Emilie-1.jpg\" alt=\"\" class=\"wp-image-7768\"\/><\/figure>\n\n\n\n<figure class=\"wp-block-image size-large\"><img loading=\"lazy\" decoding=\"async\" width=\"2000\" height=\"1339\" data-id=\"7767\" src=\"https:\/\/fotisto.space\/photographe\/wp-content\/uploads\/2024\/08\/Yohanna.jpg\" alt=\"\" class=\"wp-image-7767\"\/><\/figure>\n\n\n\n<figure class=\"wp-block-image size-large\"><img loading=\"lazy\" decoding=\"async\" width=\"2000\" height=\"1339\" data-id=\"7766\" src=\"https:\/\/fotisto.space\/photographe\/wp-content\/uploads\/2024\/08\/Girmontoise.jpg\" alt=\"\" class=\"wp-image-7766\" srcset=\"https:\/\/fotisto.space\/photographe\/wp-content\/uploads\/2024\/08\/Girmontoise.jpg 2000w, https:\/\/fotisto.space\/photographe\/wp-content\/uploads\/2024\/08\/Girmontoise-300x201.jpg 300w\" sizes=\"auto, (max-width: 709px) 85vw, (max-width: 909px) 67vw, (max-width: 1362px) 62vw, 840px\" \/><\/figure>\n\n\n\n<figure class=\"wp-block-image size-large\"><img loading=\"lazy\" decoding=\"async\" width=\"2000\" height=\"1339\" data-id=\"7765\" src=\"https:\/\/fotisto.space\/photographe\/wp-content\/uploads\/2024\/08\/Anne-Jacopin-1.jpg\" alt=\"\" class=\"wp-image-7765\"\/><\/figure>\n\n\n\n<figure class=\"wp-block-image size-large\"><img loading=\"lazy\" decoding=\"async\" width=\"2000\" height=\"1339\" data-id=\"7764\" src=\"https:\/\/fotisto.space\/photographe\/wp-content\/uploads\/2024\/08\/Dahu-barbu-1.jpg\" alt=\"\" class=\"wp-image-7764\" srcset=\"https:\/\/fotisto.space\/photographe\/wp-content\/uploads\/2024\/08\/Dahu-barbu-1.jpg 2000w, https:\/\/fotisto.space\/photographe\/wp-content\/uploads\/2024\/08\/Dahu-barbu-1-300x201.jpg 300w\" sizes=\"auto, (max-width: 709px) 85vw, (max-width: 909px) 67vw, (max-width: 1362px) 62vw, 840px\" \/><\/figure>\n\n\n\n<figure class=\"wp-block-image size-large\"><img loading=\"lazy\" decoding=\"async\" width=\"1024\" height=\"686\" data-id=\"7763\" src=\"https:\/\/fotisto.space\/photographe\/wp-content\/uploads\/2024\/08\/Ferme-Lauvy-1024x686.jpg\" alt=\"\" class=\"wp-image-7763\" srcset=\"https:\/\/fotisto.space\/photographe\/wp-content\/uploads\/2024\/08\/Ferme-Lauvy-1024x686.jpg 1024w, https:\/\/fotisto.space\/photographe\/wp-content\/uploads\/2024\/08\/Ferme-Lauvy-300x201.jpg 300w, https:\/\/fotisto.space\/photographe\/wp-content\/uploads\/2024\/08\/Ferme-Lauvy-768x514.jpg 768w, https:\/\/fotisto.space\/photographe\/wp-content\/uploads\/2024\/08\/Ferme-Lauvy-1536x1028.jpg 1536w, https:\/\/fotisto.space\/photographe\/wp-content\/uploads\/2024\/08\/Ferme-Lauvy-1200x803.jpg 1200w, https:\/\/fotisto.space\/photographe\/wp-content\/uploads\/2024\/08\/Ferme-Lauvy.jpg 2000w\" sizes=\"auto, (max-width: 709px) 85vw, (max-width: 909px) 67vw, (max-width: 1362px) 62vw, 840px\" \/><\/figure>\n\n\n\n<figure class=\"wp-block-image size-large\"><img loading=\"lazy\" decoding=\"async\" width=\"1024\" height=\"686\" data-id=\"7762\" src=\"https:\/\/fotisto.space\/photographe\/wp-content\/uploads\/2024\/08\/Ferme-Claudel-1024x686.jpg\" alt=\"\" class=\"wp-image-7762\" srcset=\"https:\/\/fotisto.space\/photographe\/wp-content\/uploads\/2024\/08\/Ferme-Claudel-1024x686.jpg 1024w, https:\/\/fotisto.space\/photographe\/wp-content\/uploads\/2024\/08\/Ferme-Claudel-300x201.jpg 300w, https:\/\/fotisto.space\/photographe\/wp-content\/uploads\/2024\/08\/Ferme-Claudel-768x514.jpg 768w, https:\/\/fotisto.space\/photographe\/wp-content\/uploads\/2024\/08\/Ferme-Claudel-1536x1028.jpg 1536w, https:\/\/fotisto.space\/photographe\/wp-content\/uploads\/2024\/08\/Ferme-Claudel-1200x803.jpg 1200w, https:\/\/fotisto.space\/photographe\/wp-content\/uploads\/2024\/08\/Ferme-Claudel.jpg 2000w\" sizes=\"auto, (max-width: 709px) 85vw, (max-width: 909px) 67vw, (max-width: 1362px) 62vw, 840px\" \/><\/figure>\n\n\n\n<figure class=\"wp-block-image size-large\"><img loading=\"lazy\" decoding=\"async\" width=\"1024\" height=\"686\" data-id=\"7761\" src=\"https:\/\/fotisto.space\/photographe\/wp-content\/uploads\/2024\/08\/Felsach-1024x686.jpg\" alt=\"\" class=\"wp-image-7761\" srcset=\"https:\/\/fotisto.space\/photographe\/wp-content\/uploads\/2024\/08\/Felsach-1024x686.jpg 1024w, https:\/\/fotisto.space\/photographe\/wp-content\/uploads\/2024\/08\/Felsach-300x201.jpg 300w, https:\/\/fotisto.space\/photographe\/wp-content\/uploads\/2024\/08\/Felsach-768x514.jpg 768w, https:\/\/fotisto.space\/photographe\/wp-content\/uploads\/2024\/08\/Felsach-1536x1028.jpg 1536w, https:\/\/fotisto.space\/photographe\/wp-content\/uploads\/2024\/08\/Felsach-1200x803.jpg 1200w, https:\/\/fotisto.space\/photographe\/wp-content\/uploads\/2024\/08\/Felsach.jpg 2000w\" sizes=\"auto, (max-width: 709px) 85vw, (max-width: 909px) 67vw, (max-width: 1362px) 62vw, 840px\" \/><\/figure>\n\n\n\n<figure class=\"wp-block-image size-large\"><img loading=\"lazy\" decoding=\"async\" width=\"1024\" height=\"686\" data-id=\"7760\" src=\"https:\/\/fotisto.space\/photographe\/wp-content\/uploads\/2024\/08\/Famille-Phanie-1024x686.jpg\" alt=\"\" class=\"wp-image-7760\" srcset=\"https:\/\/fotisto.space\/photographe\/wp-content\/uploads\/2024\/08\/Famille-Phanie-1024x686.jpg 1024w, https:\/\/fotisto.space\/photographe\/wp-content\/uploads\/2024\/08\/Famille-Phanie-300x201.jpg 300w, https:\/\/fotisto.space\/photographe\/wp-content\/uploads\/2024\/08\/Famille-Phanie-768x514.jpg 768w, https:\/\/fotisto.space\/photographe\/wp-content\/uploads\/2024\/08\/Famille-Phanie-1536x1028.jpg 1536w, https:\/\/fotisto.space\/photographe\/wp-content\/uploads\/2024\/08\/Famille-Phanie-1200x803.jpg 1200w, https:\/\/fotisto.space\/photographe\/wp-content\/uploads\/2024\/08\/Famille-Phanie.jpg 2000w\" sizes=\"auto, (max-width: 709px) 85vw, (max-width: 909px) 67vw, (max-width: 1362px) 62vw, 840px\" \/><\/figure>\n\n\n\n<figure class=\"wp-block-image size-large\"><img loading=\"lazy\" decoding=\"async\" width=\"1024\" height=\"686\" data-id=\"7759\" src=\"https:\/\/fotisto.space\/photographe\/wp-content\/uploads\/2024\/08\/Emilie-1024x686.jpg\" alt=\"\" class=\"wp-image-7759\" srcset=\"https:\/\/fotisto.space\/photographe\/wp-content\/uploads\/2024\/08\/Emilie-1024x686.jpg 1024w, https:\/\/fotisto.space\/photographe\/wp-content\/uploads\/2024\/08\/Emilie-300x201.jpg 300w, https:\/\/fotisto.space\/photographe\/wp-content\/uploads\/2024\/08\/Emilie-768x514.jpg 768w, https:\/\/fotisto.space\/photographe\/wp-content\/uploads\/2024\/08\/Emilie-1536x1028.jpg 1536w, https:\/\/fotisto.space\/photographe\/wp-content\/uploads\/2024\/08\/Emilie-1200x803.jpg 1200w, https:\/\/fotisto.space\/photographe\/wp-content\/uploads\/2024\/08\/Emilie.jpg 2000w\" sizes=\"auto, (max-width: 709px) 85vw, (max-width: 909px) 67vw, (max-width: 1362px) 62vw, 840px\" \/><\/figure>\n\n\n\n<figure class=\"wp-block-image size-large\"><img loading=\"lazy\" decoding=\"async\" width=\"1024\" height=\"686\" data-id=\"7758\" src=\"https:\/\/fotisto.space\/photographe\/wp-content\/uploads\/2024\/08\/Damotte-1024x686.jpg\" alt=\"\" class=\"wp-image-7758\" srcset=\"https:\/\/fotisto.space\/photographe\/wp-content\/uploads\/2024\/08\/Damotte-1024x686.jpg 1024w, https:\/\/fotisto.space\/photographe\/wp-content\/uploads\/2024\/08\/Damotte-300x201.jpg 300w, https:\/\/fotisto.space\/photographe\/wp-content\/uploads\/2024\/08\/Damotte-768x514.jpg 768w, https:\/\/fotisto.space\/photographe\/wp-content\/uploads\/2024\/08\/Damotte-1536x1028.jpg 1536w, https:\/\/fotisto.space\/photographe\/wp-content\/uploads\/2024\/08\/Damotte-1200x803.jpg 1200w, https:\/\/fotisto.space\/photographe\/wp-content\/uploads\/2024\/08\/Damotte.jpg 2000w\" sizes=\"auto, (max-width: 709px) 85vw, (max-width: 909px) 67vw, (max-width: 1362px) 62vw, 840px\" \/><\/figure>\n\n\n\n<figure class=\"wp-block-image size-large\"><img loading=\"lazy\" decoding=\"async\" width=\"1024\" height=\"686\" data-id=\"7756\" src=\"https:\/\/fotisto.space\/photographe\/wp-content\/uploads\/2024\/08\/Anne-Jacopin-1024x686.jpg\" alt=\"\" class=\"wp-image-7756\" srcset=\"https:\/\/fotisto.space\/photographe\/wp-content\/uploads\/2024\/08\/Anne-Jacopin-1024x686.jpg 1024w, https:\/\/fotisto.space\/photographe\/wp-content\/uploads\/2024\/08\/Anne-Jacopin-300x201.jpg 300w, https:\/\/fotisto.space\/photographe\/wp-content\/uploads\/2024\/08\/Anne-Jacopin-768x514.jpg 768w, https:\/\/fotisto.space\/photographe\/wp-content\/uploads\/2024\/08\/Anne-Jacopin-1536x1028.jpg 1536w, https:\/\/fotisto.space\/photographe\/wp-content\/uploads\/2024\/08\/Anne-Jacopin-1200x803.jpg 1200w, https:\/\/fotisto.space\/photographe\/wp-content\/uploads\/2024\/08\/Anne-Jacopin.jpg 2000w\" sizes=\"auto, (max-width: 709px) 85vw, (max-width: 909px) 67vw, (max-width: 1362px) 62vw, 840px\" \/><\/figure>\n\n\n\n<figure class=\"wp-block-image size-large\"><img loading=\"lazy\" decoding=\"async\" width=\"1024\" height=\"686\" data-id=\"7755\" src=\"https:\/\/fotisto.space\/photographe\/wp-content\/uploads\/2024\/08\/Gaec-St-Hubert-1-1024x686.jpg\" alt=\"\" class=\"wp-image-7755\" srcset=\"https:\/\/fotisto.space\/photographe\/wp-content\/uploads\/2024\/08\/Gaec-St-Hubert-1-1024x686.jpg 1024w, https:\/\/fotisto.space\/photographe\/wp-content\/uploads\/2024\/08\/Gaec-St-Hubert-1-300x201.jpg 300w, https:\/\/fotisto.space\/photographe\/wp-content\/uploads\/2024\/08\/Gaec-St-Hubert-1-768x514.jpg 768w, https:\/\/fotisto.space\/photographe\/wp-content\/uploads\/2024\/08\/Gaec-St-Hubert-1-1536x1028.jpg 1536w, https:\/\/fotisto.space\/photographe\/wp-content\/uploads\/2024\/08\/Gaec-St-Hubert-1-1200x803.jpg 1200w, https:\/\/fotisto.space\/photographe\/wp-content\/uploads\/2024\/08\/Gaec-St-Hubert-1.jpg 2000w\" sizes=\"auto, (max-width: 709px) 85vw, (max-width: 909px) 67vw, (max-width: 1362px) 62vw, 840px\" \/><\/figure>\n<\/figure>\n\n\n\n<figure class=\"wp-block-image size-large\"><img loading=\"lazy\" decoding=\"async\" width=\"686\" height=\"1024\" src=\"https:\/\/fotisto.space\/photographe\/wp-content\/uploads\/2024\/08\/Claudine-686x1024.jpg\" alt=\"\" class=\"wp-image-7783\" srcset=\"https:\/\/fotisto.space\/photographe\/wp-content\/uploads\/2024\/08\/Claudine-686x1024.jpg 686w, https:\/\/fotisto.space\/photographe\/wp-content\/uploads\/2024\/08\/Claudine-201x300.jpg 201w, https:\/\/fotisto.space\/photographe\/wp-content\/uploads\/2024\/08\/Claudine-768x1147.jpg 768w, https:\/\/fotisto.space\/photographe\/wp-content\/uploads\/2024\/08\/Claudine-1028x1536.jpg 1028w, https:\/\/fotisto.space\/photographe\/wp-content\/uploads\/2024\/08\/Claudine-1200x1792.jpg 1200w, https:\/\/fotisto.space\/photographe\/wp-content\/uploads\/2024\/08\/Claudine.jpg 1339w\" sizes=\"auto, (max-width: 709px) 85vw, (max-width: 909px) 67vw, (max-width: 984px) 61vw, (max-width: 1362px) 45vw, 600px\" \/><\/figure>\n\n\n\n<figure class=\"wp-block-image size-large\"><img loading=\"lazy\" decoding=\"async\" width=\"686\" height=\"1024\" src=\"https:\/\/fotisto.space\/photographe\/wp-content\/uploads\/2024\/08\/franck-686x1024.jpg\" alt=\"\" class=\"wp-image-7784\" srcset=\"https:\/\/fotisto.space\/photographe\/wp-content\/uploads\/2024\/08\/franck-686x1024.jpg 686w, https:\/\/fotisto.space\/photographe\/wp-content\/uploads\/2024\/08\/franck-201x300.jpg 201w, https:\/\/fotisto.space\/photographe\/wp-content\/uploads\/2024\/08\/franck-768x1147.jpg 768w, https:\/\/fotisto.space\/photographe\/wp-content\/uploads\/2024\/08\/franck-1028x1536.jpg 1028w, https:\/\/fotisto.space\/photographe\/wp-content\/uploads\/2024\/08\/franck-1200x1792.jpg 1200w, https:\/\/fotisto.space\/photographe\/wp-content\/uploads\/2024\/08\/franck.jpg 1339w\" sizes=\"auto, (max-width: 709px) 85vw, (max-width: 909px) 67vw, (max-width: 984px) 61vw, (max-width: 1362px) 45vw, 600px\" \/><\/figure>\n\n\n\n<p class=\"has-medium-brown-color has-light-gray-background-color has-text-color has-background has-link-color wp-elements-39e27661e0891f094a8baba8aec864ff\"><em>Les premiers rendez-vous&#8230; <\/em><\/p>\n\n\n\n<figure class=\"wp-block-image size-large\"><img loading=\"lazy\" decoding=\"async\" width=\"1024\" height=\"640\" src=\"https:\/\/fotisto.space\/photographe\/wp-content\/uploads\/2024\/08\/carte-expo-ComCom-1024x640.jpg\" alt=\"\" class=\"wp-image-7750\" srcset=\"https:\/\/fotisto.space\/photographe\/wp-content\/uploads\/2024\/08\/carte-expo-ComCom-1024x640.jpg 1024w, https:\/\/fotisto.space\/photographe\/wp-content\/uploads\/2024\/08\/carte-expo-ComCom-300x188.jpg 300w, https:\/\/fotisto.space\/photographe\/wp-content\/uploads\/2024\/08\/carte-expo-ComCom-768x480.jpg 768w, https:\/\/fotisto.space\/photographe\/wp-content\/uploads\/2024\/08\/carte-expo-ComCom-1536x960.jpg 1536w, https:\/\/fotisto.space\/photographe\/wp-content\/uploads\/2024\/08\/carte-expo-ComCom-1200x750.jpg 1200w, https:\/\/fotisto.space\/photographe\/wp-content\/uploads\/2024\/08\/carte-expo-ComCom.jpg 1920w\" sizes=\"auto, (max-width: 709px) 85vw, (max-width: 909px) 67vw, (max-width: 1362px) 62vw, 840px\" \/><\/figure>\n\n\n\n<p class=\"has-medium-brown-color has-light-gray-background-color has-text-color has-background has-link-color wp-elements-18e3efbc27466873709e80ee03c0bcad\"><em>Episode 1\/2 ou 3 selon vos abonnements, le fichier est pr\u00eat \u00e0 \u00eatre imprim\u00e9. Rendez vous prochainement \u00e0 St Di\u00e9 aupr\u00e8s de l&rsquo;imprimerie Lormont. Ensuite il y aura la phase de la couverture. <\/em><\/p>\n\n\n\n<figure class=\"wp-block-image size-full\"><img loading=\"lazy\" decoding=\"async\" width=\"1024\" height=\"683\" src=\"https:\/\/fotisto.space\/photographe\/wp-content\/uploads\/2024\/08\/458253238_10230977914167733_7376748854905621061_n.jpg\" alt=\"\" class=\"wp-image-7742\" srcset=\"https:\/\/fotisto.space\/photographe\/wp-content\/uploads\/2024\/08\/458253238_10230977914167733_7376748854905621061_n.jpg 1024w, https:\/\/fotisto.space\/photographe\/wp-content\/uploads\/2024\/08\/458253238_10230977914167733_7376748854905621061_n-300x200.jpg 300w, https:\/\/fotisto.space\/photographe\/wp-content\/uploads\/2024\/08\/458253238_10230977914167733_7376748854905621061_n-768x512.jpg 768w\" sizes=\"auto, (max-width: 709px) 85vw, (max-width: 909px) 67vw, (max-width: 1362px) 62vw, 840px\" \/><\/figure>\n\n\n\n<p class=\"has-medium-brown-color has-light-gray-background-color has-text-color has-background has-link-color wp-elements-40d66dc19363479a69738d928b8184c3\"><em>Ce projet qui arrive n&rsquo;aurait pas vu voir le jour sans les partenariats de femmes et d&rsquo; hommes qui le portent. Et parmi les incontournables il y a la banque. J&rsquo;ai donc rencontr\u00e9 Lisa Claudel<a href=\"https:\/\/www.facebook.com\/lisa.claudel.7?__cft__[0]=AZVBOG7whuVsvNKjqwXUFMzUzfkCRTeAViY9aBv-9w-lcPJVxt9Q4pl0lRzPZeGKqLXJLdk02a_vd6lxlZ9F-XB1VY1wWVifFs5HuAB9b-2sl20aW6BfBeqnEjb_g8fm0HRUm3MQ9gN333m69sK8ciZukNZTqITtJO_1_BB0_d7tPw&amp;__tn__=-]K-R\"> <\/a> de la Banque Populaire \u00e0 La Bresse. Elle a de suite port\u00e9 et mont\u00e9 le dossier. Cela fait plaisir de pouvoir avancer dans un monde Humain riche de valeurs, et de professionnalisme.<\/em><\/p>\n\n\n\n<figure class=\"wp-block-image size-large\"><img loading=\"lazy\" decoding=\"async\" width=\"683\" height=\"1024\" src=\"https:\/\/fotisto.space\/photographe\/wp-content\/uploads\/2024\/08\/Lisa-Claudel-LM-P1063657-683x1024.jpg\" alt=\"\" class=\"wp-image-7729\" srcset=\"https:\/\/fotisto.space\/photographe\/wp-content\/uploads\/2024\/08\/Lisa-Claudel-LM-P1063657-683x1024.jpg 683w, https:\/\/fotisto.space\/photographe\/wp-content\/uploads\/2024\/08\/Lisa-Claudel-LM-P1063657-200x300.jpg 200w, https:\/\/fotisto.space\/photographe\/wp-content\/uploads\/2024\/08\/Lisa-Claudel-LM-P1063657-768x1152.jpg 768w, https:\/\/fotisto.space\/photographe\/wp-content\/uploads\/2024\/08\/Lisa-Claudel-LM-P1063657-1024x1536.jpg 1024w, https:\/\/fotisto.space\/photographe\/wp-content\/uploads\/2024\/08\/Lisa-Claudel-LM-P1063657-1365x2048.jpg 1365w, https:\/\/fotisto.space\/photographe\/wp-content\/uploads\/2024\/08\/Lisa-Claudel-LM-P1063657-1200x1800.jpg 1200w, https:\/\/fotisto.space\/photographe\/wp-content\/uploads\/2024\/08\/Lisa-Claudel-LM-P1063657-scaled.jpg 1707w\" sizes=\"auto, (max-width: 709px) 85vw, (max-width: 909px) 67vw, (max-width: 984px) 61vw, (max-width: 1362px) 45vw, 600px\" \/><\/figure>\n\n\n\n<p class=\"has-medium-brown-color has-light-gray-background-color has-text-color has-background has-link-color wp-elements-80aba5c4531eb7ef5a5c91ef3f0dd7bc\"><\/p>\n\n\n\n<p class=\"has-medium-brown-color has-light-gray-background-color has-text-color has-background has-link-color wp-elements-6286be9eed43d79910c845a22bc5339a\"><em>Aujourd&rsquo;hui c&rsquo;\u00e9tait mise en lumi\u00e8re et au soleil des filles de l&rsquo;ombre. \u00ab\u00a0Robes en bottes\u00a0\u00bb avec No\u00e9mie Morel, Emma Zab\u00e9 et Sophie Juliette, du c\u00f4t\u00e9 de Dommartin. Sans elles, rien n&rsquo;aurait \u00e9t\u00e9 possible &#8230; Bi\u00e8re et pain au lard, bien-s\u00fbr ! PETR Pays de Remiremont.<\/em><\/p>\n\n\n\n<figure class=\"wp-block-image size-large\"><img loading=\"lazy\" decoding=\"async\" width=\"1024\" height=\"583\" src=\"https:\/\/fotisto.space\/photographe\/wp-content\/uploads\/2024\/08\/780_1529-1024x583.jpg\" alt=\"\" class=\"wp-image-7722\" srcset=\"https:\/\/fotisto.space\/photographe\/wp-content\/uploads\/2024\/08\/780_1529-1024x583.jpg 1024w, https:\/\/fotisto.space\/photographe\/wp-content\/uploads\/2024\/08\/780_1529-300x171.jpg 300w, https:\/\/fotisto.space\/photographe\/wp-content\/uploads\/2024\/08\/780_1529-768x437.jpg 768w, https:\/\/fotisto.space\/photographe\/wp-content\/uploads\/2024\/08\/780_1529-1536x875.jpg 1536w, https:\/\/fotisto.space\/photographe\/wp-content\/uploads\/2024\/08\/780_1529-1200x683.jpg 1200w, https:\/\/fotisto.space\/photographe\/wp-content\/uploads\/2024\/08\/780_1529.jpg 2000w\" sizes=\"auto, (max-width: 709px) 85vw, (max-width: 909px) 67vw, (max-width: 1362px) 62vw, 840px\" \/><\/figure>\n\n\n\n<figure class=\"wp-block-image size-large\"><img loading=\"lazy\" decoding=\"async\" width=\"1024\" height=\"540\" src=\"https:\/\/fotisto.space\/photographe\/wp-content\/uploads\/2024\/08\/780_1423-1024x540.jpg\" alt=\"\" class=\"wp-image-7723\" srcset=\"https:\/\/fotisto.space\/photographe\/wp-content\/uploads\/2024\/08\/780_1423-1024x540.jpg 1024w, https:\/\/fotisto.space\/photographe\/wp-content\/uploads\/2024\/08\/780_1423-300x158.jpg 300w, https:\/\/fotisto.space\/photographe\/wp-content\/uploads\/2024\/08\/780_1423-768x405.jpg 768w, https:\/\/fotisto.space\/photographe\/wp-content\/uploads\/2024\/08\/780_1423-1536x809.jpg 1536w, https:\/\/fotisto.space\/photographe\/wp-content\/uploads\/2024\/08\/780_1423-1200x632.jpg 1200w, https:\/\/fotisto.space\/photographe\/wp-content\/uploads\/2024\/08\/780_1423.jpg 2000w\" sizes=\"auto, (max-width: 709px) 85vw, (max-width: 909px) 67vw, (max-width: 1362px) 62vw, 840px\" \/><\/figure>\n\n\n\n<figure class=\"wp-block-image size-large\"><img loading=\"lazy\" decoding=\"async\" width=\"1024\" height=\"681\" src=\"https:\/\/fotisto.space\/photographe\/wp-content\/uploads\/2024\/08\/780_1459-1024x681.jpg\" alt=\"\" class=\"wp-image-7724\" srcset=\"https:\/\/fotisto.space\/photographe\/wp-content\/uploads\/2024\/08\/780_1459-1024x681.jpg 1024w, https:\/\/fotisto.space\/photographe\/wp-content\/uploads\/2024\/08\/780_1459-300x200.jpg 300w, https:\/\/fotisto.space\/photographe\/wp-content\/uploads\/2024\/08\/780_1459-768x511.jpg 768w, https:\/\/fotisto.space\/photographe\/wp-content\/uploads\/2024\/08\/780_1459-1536x1022.jpg 1536w, https:\/\/fotisto.space\/photographe\/wp-content\/uploads\/2024\/08\/780_1459-1200x799.jpg 1200w, https:\/\/fotisto.space\/photographe\/wp-content\/uploads\/2024\/08\/780_1459.jpg 2000w\" sizes=\"auto, (max-width: 709px) 85vw, (max-width: 909px) 67vw, (max-width: 1362px) 62vw, 840px\" \/><\/figure>\n\n\n\n<p class=\"has-medium-brown-color has-light-gray-background-color has-text-color has-background has-link-color wp-elements-4fc1b95215de1ab56c92a2c2d62623a8\"><em>R\u00e9union de travail tr\u00e8s int\u00e9ressante organis\u00e9e par le PETR Pays de Remiremont et de ses Vall\u00e9es. S\u00e9lection r\u00e9flexion autour de l&rsquo;exposition photo qui accompagne le projet \u00ab\u00a0Paysannes et paysans, de la graine \u00e0 l&rsquo;assiette\u00a0\u00bb Un an de travail qui commence \u00e0 voir le jour&#8230;<\/em><\/p>\n\n\n\n<figure class=\"wp-block-image size-large\"><img loading=\"lazy\" decoding=\"async\" width=\"1024\" height=\"934\" src=\"https:\/\/fotisto.space\/photographe\/wp-content\/uploads\/2024\/08\/montage-reunion-1024x934.jpg\" alt=\"\" class=\"wp-image-7717\" srcset=\"https:\/\/fotisto.space\/photographe\/wp-content\/uploads\/2024\/08\/montage-reunion-1024x934.jpg 1024w, https:\/\/fotisto.space\/photographe\/wp-content\/uploads\/2024\/08\/montage-reunion-300x274.jpg 300w, https:\/\/fotisto.space\/photographe\/wp-content\/uploads\/2024\/08\/montage-reunion-768x700.jpg 768w, https:\/\/fotisto.space\/photographe\/wp-content\/uploads\/2024\/08\/montage-reunion-1536x1401.jpg 1536w, https:\/\/fotisto.space\/photographe\/wp-content\/uploads\/2024\/08\/montage-reunion-1200x1095.jpg 1200w, https:\/\/fotisto.space\/photographe\/wp-content\/uploads\/2024\/08\/montage-reunion.jpg 1638w\" sizes=\"auto, (max-width: 709px) 85vw, (max-width: 909px) 67vw, (max-width: 1362px) 62vw, 840px\" \/><\/figure>\n\n\n\n<p>____________________________________________<\/p>\n\n\n\n<p class=\"has-medium-brown-color has-light-gray-background-color has-text-color has-background has-link-color wp-elements-b6f5bd23d924d58252da869c0b7af741\"><em>Du cot\u00e9 de St Di\u00e9 des Vosges, o\u00f9 distillation rime avec mar\u00e9chalerie&#8230; <\/em><\/p>\n\n\n\n<figure class=\"wp-block-image size-large\"><img loading=\"lazy\" decoding=\"async\" width=\"1024\" height=\"685\" src=\"https:\/\/fotisto.space\/photographe\/wp-content\/uploads\/2024\/08\/ml-1506-1024x685.jpg\" alt=\"\" class=\"wp-image-7714\" srcset=\"https:\/\/fotisto.space\/photographe\/wp-content\/uploads\/2024\/08\/ml-1506-1024x685.jpg 1024w, https:\/\/fotisto.space\/photographe\/wp-content\/uploads\/2024\/08\/ml-1506-300x201.jpg 300w, https:\/\/fotisto.space\/photographe\/wp-content\/uploads\/2024\/08\/ml-1506-768x514.jpg 768w, https:\/\/fotisto.space\/photographe\/wp-content\/uploads\/2024\/08\/ml-1506-1536x1028.jpg 1536w, https:\/\/fotisto.space\/photographe\/wp-content\/uploads\/2024\/08\/ml-1506-1200x803.jpg 1200w, https:\/\/fotisto.space\/photographe\/wp-content\/uploads\/2024\/08\/ml-1506.jpg 2000w\" sizes=\"auto, (max-width: 709px) 85vw, (max-width: 909px) 67vw, (max-width: 1362px) 62vw, 840px\" \/><\/figure>\n\n\n\n<figure class=\"wp-block-image size-large\"><img loading=\"lazy\" decoding=\"async\" width=\"860\" height=\"1024\" src=\"https:\/\/fotisto.space\/photographe\/wp-content\/uploads\/2024\/08\/DSC_0660-860x1024.jpg\" alt=\"\" class=\"wp-image-7715\" srcset=\"https:\/\/fotisto.space\/photographe\/wp-content\/uploads\/2024\/08\/DSC_0660-860x1024.jpg 860w, https:\/\/fotisto.space\/photographe\/wp-content\/uploads\/2024\/08\/DSC_0660-252x300.jpg 252w, https:\/\/fotisto.space\/photographe\/wp-content\/uploads\/2024\/08\/DSC_0660-768x915.jpg 768w, https:\/\/fotisto.space\/photographe\/wp-content\/uploads\/2024\/08\/DSC_0660-1289x1536.jpg 1289w, https:\/\/fotisto.space\/photographe\/wp-content\/uploads\/2024\/08\/DSC_0660-1200x1429.jpg 1200w, https:\/\/fotisto.space\/photographe\/wp-content\/uploads\/2024\/08\/DSC_0660.jpg 1679w\" sizes=\"auto, (max-width: 709px) 85vw, (max-width: 909px) 67vw, (max-width: 1362px) 62vw, 840px\" \/><\/figure>\n\n\n\n<p class=\"has-medium-brown-color has-light-gray-background-color has-text-color has-background has-link-color wp-elements-d674aa20ab51c3074a726f56502436b5\"><em>Parmi les<\/em> <em> relais entre paysans et consommateurs il y a les magasins de producteurs.<\/em> <em>Ils sont de plus en plus nombreux sur nos r\u00e9gions. A suivre le magasin bio de Remiremont, La Bresse, Lapoutroie,  G\u00e9rardmer<\/em>.<\/p>\n\n\n\n<figure class=\"wp-block-image size-large\"><img loading=\"lazy\" decoding=\"async\" width=\"1024\" height=\"631\" src=\"https:\/\/fotisto.space\/photographe\/wp-content\/uploads\/2024\/08\/480261786_1189571293169367_8373823975318673721_n-1024x631.jpg\" alt=\"\" class=\"wp-image-7702\" srcset=\"https:\/\/fotisto.space\/photographe\/wp-content\/uploads\/2024\/08\/480261786_1189571293169367_8373823975318673721_n-1024x631.jpg 1024w, https:\/\/fotisto.space\/photographe\/wp-content\/uploads\/2024\/08\/480261786_1189571293169367_8373823975318673721_n-300x185.jpg 300w, https:\/\/fotisto.space\/photographe\/wp-content\/uploads\/2024\/08\/480261786_1189571293169367_8373823975318673721_n-768x473.jpg 768w, https:\/\/fotisto.space\/photographe\/wp-content\/uploads\/2024\/08\/480261786_1189571293169367_8373823975318673721_n-1536x946.jpg 1536w, https:\/\/fotisto.space\/photographe\/wp-content\/uploads\/2024\/08\/480261786_1189571293169367_8373823975318673721_n-1200x739.jpg 1200w, https:\/\/fotisto.space\/photographe\/wp-content\/uploads\/2024\/08\/480261786_1189571293169367_8373823975318673721_n.jpg 2048w\" sizes=\"auto, (max-width: 709px) 85vw, (max-width: 909px) 67vw, (max-width: 1362px) 62vw, 840px\" \/><\/figure>\n\n\n\n<figure class=\"wp-block-image size-large\"><img loading=\"lazy\" decoding=\"async\" width=\"1024\" height=\"499\" src=\"https:\/\/fotisto.space\/photographe\/wp-content\/uploads\/2024\/08\/471191445_1149157687210728_4888217628230141236_n-1024x499.jpg\" alt=\"\" class=\"wp-image-7703\" srcset=\"https:\/\/fotisto.space\/photographe\/wp-content\/uploads\/2024\/08\/471191445_1149157687210728_4888217628230141236_n-1024x499.jpg 1024w, https:\/\/fotisto.space\/photographe\/wp-content\/uploads\/2024\/08\/471191445_1149157687210728_4888217628230141236_n-300x146.jpg 300w, https:\/\/fotisto.space\/photographe\/wp-content\/uploads\/2024\/08\/471191445_1149157687210728_4888217628230141236_n-768x374.jpg 768w, https:\/\/fotisto.space\/photographe\/wp-content\/uploads\/2024\/08\/471191445_1149157687210728_4888217628230141236_n-1536x748.jpg 1536w, https:\/\/fotisto.space\/photographe\/wp-content\/uploads\/2024\/08\/471191445_1149157687210728_4888217628230141236_n-1200x584.jpg 1200w, https:\/\/fotisto.space\/photographe\/wp-content\/uploads\/2024\/08\/471191445_1149157687210728_4888217628230141236_n.jpg 1920w\" sizes=\"auto, (max-width: 709px) 85vw, (max-width: 909px) 67vw, (max-width: 1362px) 62vw, 840px\" \/><\/figure>\n\n\n\n<figure class=\"wp-block-image size-large\"><img loading=\"lazy\" decoding=\"async\" width=\"1024\" height=\"624\" src=\"https:\/\/fotisto.space\/photographe\/wp-content\/uploads\/2024\/08\/424949180_905348804924952_7621624228863839863_n-1024x624.jpg\" alt=\"\" class=\"wp-image-7700\" srcset=\"https:\/\/fotisto.space\/photographe\/wp-content\/uploads\/2024\/08\/424949180_905348804924952_7621624228863839863_n-1024x624.jpg 1024w, https:\/\/fotisto.space\/photographe\/wp-content\/uploads\/2024\/08\/424949180_905348804924952_7621624228863839863_n-300x183.jpg 300w, https:\/\/fotisto.space\/photographe\/wp-content\/uploads\/2024\/08\/424949180_905348804924952_7621624228863839863_n-768x468.jpg 768w, https:\/\/fotisto.space\/photographe\/wp-content\/uploads\/2024\/08\/424949180_905348804924952_7621624228863839863_n-1536x936.jpg 1536w, https:\/\/fotisto.space\/photographe\/wp-content\/uploads\/2024\/08\/424949180_905348804924952_7621624228863839863_n-1200x731.jpg 1200w, https:\/\/fotisto.space\/photographe\/wp-content\/uploads\/2024\/08\/424949180_905348804924952_7621624228863839863_n.jpg 2048w\" sizes=\"auto, (max-width: 709px) 85vw, (max-width: 909px) 67vw, (max-width: 1362px) 62vw, 840px\" \/><\/figure>\n\n\n\n<figure class=\"wp-block-image size-large\"><img loading=\"lazy\" decoding=\"async\" width=\"1024\" height=\"494\" src=\"https:\/\/fotisto.space\/photographe\/wp-content\/uploads\/2024\/08\/435989338_10230085748944160_6836094835366926104_n-1024x494.jpg\" alt=\"\" class=\"wp-image-7705\" srcset=\"https:\/\/fotisto.space\/photographe\/wp-content\/uploads\/2024\/08\/435989338_10230085748944160_6836094835366926104_n-1024x494.jpg 1024w, https:\/\/fotisto.space\/photographe\/wp-content\/uploads\/2024\/08\/435989338_10230085748944160_6836094835366926104_n-300x145.jpg 300w, https:\/\/fotisto.space\/photographe\/wp-content\/uploads\/2024\/08\/435989338_10230085748944160_6836094835366926104_n-768x371.jpg 768w, https:\/\/fotisto.space\/photographe\/wp-content\/uploads\/2024\/08\/435989338_10230085748944160_6836094835366926104_n-1536x742.jpg 1536w, https:\/\/fotisto.space\/photographe\/wp-content\/uploads\/2024\/08\/435989338_10230085748944160_6836094835366926104_n-2048x989.jpg 2048w, https:\/\/fotisto.space\/photographe\/wp-content\/uploads\/2024\/08\/435989338_10230085748944160_6836094835366926104_n-1200x579.jpg 1200w\" sizes=\"auto, (max-width: 709px) 85vw, (max-width: 909px) 67vw, (max-width: 1362px) 62vw, 840px\" \/><\/figure>\n\n\n\n<figure class=\"wp-block-image size-large\"><img loading=\"lazy\" decoding=\"async\" width=\"1024\" height=\"780\" src=\"https:\/\/fotisto.space\/photographe\/wp-content\/uploads\/2024\/08\/448632078_10230301648941525_8920430803079902093_n-1024x780.jpg\" alt=\"\" class=\"wp-image-7706\" srcset=\"https:\/\/fotisto.space\/photographe\/wp-content\/uploads\/2024\/08\/448632078_10230301648941525_8920430803079902093_n-1024x780.jpg 1024w, https:\/\/fotisto.space\/photographe\/wp-content\/uploads\/2024\/08\/448632078_10230301648941525_8920430803079902093_n-300x229.jpg 300w, https:\/\/fotisto.space\/photographe\/wp-content\/uploads\/2024\/08\/448632078_10230301648941525_8920430803079902093_n-768x585.jpg 768w, https:\/\/fotisto.space\/photographe\/wp-content\/uploads\/2024\/08\/448632078_10230301648941525_8920430803079902093_n-1536x1170.jpg 1536w, https:\/\/fotisto.space\/photographe\/wp-content\/uploads\/2024\/08\/448632078_10230301648941525_8920430803079902093_n-1200x914.jpg 1200w, https:\/\/fotisto.space\/photographe\/wp-content\/uploads\/2024\/08\/448632078_10230301648941525_8920430803079902093_n.jpg 2048w\" sizes=\"auto, (max-width: 709px) 85vw, (max-width: 909px) 67vw, (max-width: 1362px) 62vw, 840px\" \/><\/figure>\n\n\n\n<figure class=\"wp-block-image size-large\"><img loading=\"lazy\" decoding=\"async\" width=\"1024\" height=\"768\" src=\"https:\/\/fotisto.space\/photographe\/wp-content\/uploads\/2024\/08\/780_9796-1024x768.jpg\" alt=\"\" class=\"wp-image-7735\" srcset=\"https:\/\/fotisto.space\/photographe\/wp-content\/uploads\/2024\/08\/780_9796-1024x768.jpg 1024w, https:\/\/fotisto.space\/photographe\/wp-content\/uploads\/2024\/08\/780_9796-300x225.jpg 300w, https:\/\/fotisto.space\/photographe\/wp-content\/uploads\/2024\/08\/780_9796-768x576.jpg 768w, https:\/\/fotisto.space\/photographe\/wp-content\/uploads\/2024\/08\/780_9796-1536x1152.jpg 1536w, https:\/\/fotisto.space\/photographe\/wp-content\/uploads\/2024\/08\/780_9796-1200x900.jpg 1200w, https:\/\/fotisto.space\/photographe\/wp-content\/uploads\/2024\/08\/780_9796.jpg 2000w\" sizes=\"auto, (max-width: 709px) 85vw, (max-width: 909px) 67vw, (max-width: 1362px) 62vw, 840px\" \/><\/figure>\n\n\n\n<figure class=\"wp-block-image size-large\"><img loading=\"lazy\" decoding=\"async\" width=\"1024\" height=\"615\" src=\"https:\/\/fotisto.space\/photographe\/wp-content\/uploads\/2024\/08\/DSC_3641-1024x615.jpg\" alt=\"\" class=\"wp-image-7736\" srcset=\"https:\/\/fotisto.space\/photographe\/wp-content\/uploads\/2024\/08\/DSC_3641-1024x615.jpg 1024w, https:\/\/fotisto.space\/photographe\/wp-content\/uploads\/2024\/08\/DSC_3641-300x180.jpg 300w, https:\/\/fotisto.space\/photographe\/wp-content\/uploads\/2024\/08\/DSC_3641-768x461.jpg 768w, https:\/\/fotisto.space\/photographe\/wp-content\/uploads\/2024\/08\/DSC_3641-1536x922.jpg 1536w, https:\/\/fotisto.space\/photographe\/wp-content\/uploads\/2024\/08\/DSC_3641-1200x721.jpg 1200w, https:\/\/fotisto.space\/photographe\/wp-content\/uploads\/2024\/08\/DSC_3641.jpg 2000w\" sizes=\"auto, (max-width: 709px) 85vw, (max-width: 909px) 67vw, (max-width: 1362px) 62vw, 840px\" \/><\/figure>\n\n\n\n<p class=\"has-medium-brown-color has-light-gray-background-color has-text-color has-background has-link-color wp-elements-b1911b32b26bf2979faab5db3ae7a2be\"><em>Elisa s\u2019est&nbsp;prise&nbsp;de passion pour ces animaux et aujourd&rsquo;hui elle n\u2019imaginerait&nbsp;pas s\u2019installer avec une autre race.<\/em><\/p>\n\n\n\n<figure class=\"wp-block-image size-large\"><img loading=\"lazy\" decoding=\"async\" width=\"684\" height=\"1024\" src=\"https:\/\/fotisto.space\/photographe\/wp-content\/uploads\/2024\/08\/P1036283-684x1024.jpg\" alt=\"\" class=\"wp-image-7692\" srcset=\"https:\/\/fotisto.space\/photographe\/wp-content\/uploads\/2024\/08\/P1036283-684x1024.jpg 684w, https:\/\/fotisto.space\/photographe\/wp-content\/uploads\/2024\/08\/P1036283-200x300.jpg 200w, https:\/\/fotisto.space\/photographe\/wp-content\/uploads\/2024\/08\/P1036283-768x1151.jpg 768w, https:\/\/fotisto.space\/photographe\/wp-content\/uploads\/2024\/08\/P1036283-1025x1536.jpg 1025w, https:\/\/fotisto.space\/photographe\/wp-content\/uploads\/2024\/08\/P1036283-1200x1798.jpg 1200w, https:\/\/fotisto.space\/photographe\/wp-content\/uploads\/2024\/08\/P1036283.jpg 1335w\" sizes=\"auto, (max-width: 709px) 85vw, (max-width: 909px) 67vw, (max-width: 984px) 61vw, (max-width: 1362px) 45vw, 600px\" \/><\/figure>\n\n\n\n<p class=\"has-medium-brown-color has-light-gray-background-color has-text-color has-background has-link-color wp-elements-9772747bdd199395a649aef45a5c8f3b\"><em>Valorisation de la laine<\/em><\/p>\n\n\n\n<figure class=\"wp-block-image size-large\"><img loading=\"lazy\" decoding=\"async\" width=\"1024\" height=\"681\" src=\"https:\/\/fotisto.space\/photographe\/wp-content\/uploads\/2024\/08\/346259842_768092355031733_8828862810030847145_n-1024x681.jpg\" alt=\"\" class=\"wp-image-7689\" srcset=\"https:\/\/fotisto.space\/photographe\/wp-content\/uploads\/2024\/08\/346259842_768092355031733_8828862810030847145_n-1024x681.jpg 1024w, https:\/\/fotisto.space\/photographe\/wp-content\/uploads\/2024\/08\/346259842_768092355031733_8828862810030847145_n-300x200.jpg 300w, https:\/\/fotisto.space\/photographe\/wp-content\/uploads\/2024\/08\/346259842_768092355031733_8828862810030847145_n-768x511.jpg 768w, https:\/\/fotisto.space\/photographe\/wp-content\/uploads\/2024\/08\/346259842_768092355031733_8828862810030847145_n-1200x798.jpg 1200w, https:\/\/fotisto.space\/photographe\/wp-content\/uploads\/2024\/08\/346259842_768092355031733_8828862810030847145_n.jpg 1500w\" sizes=\"auto, (max-width: 709px) 85vw, (max-width: 909px) 67vw, (max-width: 1362px) 62vw, 840px\" \/><\/figure>\n\n\n\n<p class=\"has-medium-brown-color has-light-gray-background-color has-text-color has-background has-link-color wp-elements-51435bc452152bc7711839a6cad2136b\"><em>Le monde paysan, c&rsquo;est toujours de grandes histoires<\/em> <em>de famille <\/em>!<\/p>\n\n\n\n<figure class=\"wp-block-image size-large\"><img loading=\"lazy\" decoding=\"async\" width=\"1024\" height=\"508\" src=\"https:\/\/fotisto.space\/photographe\/wp-content\/uploads\/2024\/08\/Embetsches_LM_780_2886-1024x508.jpg\" alt=\"\" class=\"wp-image-7683\" srcset=\"https:\/\/fotisto.space\/photographe\/wp-content\/uploads\/2024\/08\/Embetsches_LM_780_2886-1024x508.jpg 1024w, https:\/\/fotisto.space\/photographe\/wp-content\/uploads\/2024\/08\/Embetsches_LM_780_2886-300x149.jpg 300w, https:\/\/fotisto.space\/photographe\/wp-content\/uploads\/2024\/08\/Embetsches_LM_780_2886-768x381.jpg 768w, https:\/\/fotisto.space\/photographe\/wp-content\/uploads\/2024\/08\/Embetsches_LM_780_2886-1536x763.jpg 1536w, https:\/\/fotisto.space\/photographe\/wp-content\/uploads\/2024\/08\/Embetsches_LM_780_2886-1200x596.jpg 1200w, https:\/\/fotisto.space\/photographe\/wp-content\/uploads\/2024\/08\/Embetsches_LM_780_2886.jpg 2000w\" sizes=\"auto, (max-width: 709px) 85vw, (max-width: 909px) 67vw, (max-width: 1362px) 62vw, 840px\" \/><\/figure>\n\n\n\n<p class=\"has-medium-brown-color has-light-gray-background-color has-text-color has-background has-link-color wp-elements-1f477aeae6e201374006724120eb8d86\"><em>De la graine \u00e0 l&rsquo;assiette en passant par les fleurs du c\u00f4t\u00e9 du Haut du T\u00f4t&#8230; <\/em><\/p>\n\n\n\n<figure class=\"wp-block-image size-large\"><img loading=\"lazy\" decoding=\"async\" width=\"681\" height=\"1024\" src=\"https:\/\/fotisto.space\/photographe\/wp-content\/uploads\/2024\/08\/780_3651-681x1024.jpg\" alt=\"\" class=\"wp-image-7680\" srcset=\"https:\/\/fotisto.space\/photographe\/wp-content\/uploads\/2024\/08\/780_3651-681x1024.jpg 681w, https:\/\/fotisto.space\/photographe\/wp-content\/uploads\/2024\/08\/780_3651-200x300.jpg 200w, https:\/\/fotisto.space\/photographe\/wp-content\/uploads\/2024\/08\/780_3651-768x1154.jpg 768w, https:\/\/fotisto.space\/photographe\/wp-content\/uploads\/2024\/08\/780_3651-1022x1536.jpg 1022w, https:\/\/fotisto.space\/photographe\/wp-content\/uploads\/2024\/08\/780_3651-1200x1803.jpg 1200w, https:\/\/fotisto.space\/photographe\/wp-content\/uploads\/2024\/08\/780_3651.jpg 1331w\" sizes=\"auto, (max-width: 709px) 85vw, (max-width: 909px) 67vw, (max-width: 984px) 61vw, (max-width: 1362px) 45vw, 600px\" \/><\/figure>\n\n\n\n<p class=\"has-medium-brown-color has-light-gray-background-color has-text-color has-background has-link-color wp-elements-265de53c0af33a73c077efe0bac8410e\"><em>Il faut savoir d\u00e9l\u00e9guer, je plaide coupable. Oui j&rsquo;avoue ne pas avoir \u00e9t\u00e9 passionn\u00e9 par les \u00e9tudes et d&rsquo;avoir un peu privil\u00e9gi\u00e9 l&rsquo;\u00e9cole buissonni\u00e8re. La nature et la for\u00eat m&rsquo;apportaient plus que les bancs d&rsquo;\u00e9cole.<\/em> <em>Une autre \u00e9cole de vie !<\/em><\/p>\n\n\n\n<figure class=\"wp-block-image size-full\"><img loading=\"lazy\" decoding=\"async\" width=\"640\" height=\"480\" src=\"https:\/\/fotisto.space\/photographe\/wp-content\/uploads\/2024\/08\/DSCN6781.jpeg\" alt=\"\" class=\"wp-image-7668\" srcset=\"https:\/\/fotisto.space\/photographe\/wp-content\/uploads\/2024\/08\/DSCN6781.jpeg 640w, https:\/\/fotisto.space\/photographe\/wp-content\/uploads\/2024\/08\/DSCN6781-300x225.jpeg 300w\" sizes=\"auto, (max-width: 709px) 85vw, (max-width: 909px) 67vw, (max-width: 984px) 61vw, (max-width: 1362px) 45vw, 600px\" \/><\/figure>\n\n\n\n<p class=\"has-medium-brown-color has-light-gray-background-color has-text-color has-background has-link-color wp-elements-c904a61f85ea215d023dc48e931d8e77\"><em> Il faut savoir s&rsquo;entourer et j&rsquo;ai donc demand\u00e9 \u00e0 Charlotte ma fille, mon amie Sara et Aude de me donner un coup de main sur le projet. C&rsquo;est plus simple et efficace. Je r\u00e9dige les textes qui vont argumenter mes reportages, Charlotte, Sara et Aude revoient ma copie, corrigent et proposent. Une belle \u00e9quipe.  Ma fille est brillante dans tout ce qu&rsquo;elle accomplit et a d\u00e9j\u00e0 une grosse exp\u00e9rience de la vie, et dans une autre vie professionnelle justement, elle corrigeait d\u00e9j\u00e0 des pages<\/em>.<\/p>\n\n\n\n<figure class=\"wp-block-image size-large\"><img loading=\"lazy\" decoding=\"async\" width=\"1024\" height=\"681\" src=\"https:\/\/fotisto.space\/photographe\/wp-content\/uploads\/2024\/08\/467978956_10232251118157037_6920408977287086124_n-1024x681.jpg\" alt=\"\" class=\"wp-image-7669\" srcset=\"https:\/\/fotisto.space\/photographe\/wp-content\/uploads\/2024\/08\/467978956_10232251118157037_6920408977287086124_n-1024x681.jpg 1024w, https:\/\/fotisto.space\/photographe\/wp-content\/uploads\/2024\/08\/467978956_10232251118157037_6920408977287086124_n-300x200.jpg 300w, https:\/\/fotisto.space\/photographe\/wp-content\/uploads\/2024\/08\/467978956_10232251118157037_6920408977287086124_n-768x511.jpg 768w, https:\/\/fotisto.space\/photographe\/wp-content\/uploads\/2024\/08\/467978956_10232251118157037_6920408977287086124_n-1200x798.jpg 1200w, https:\/\/fotisto.space\/photographe\/wp-content\/uploads\/2024\/08\/467978956_10232251118157037_6920408977287086124_n.jpg 1500w\" sizes=\"auto, (max-width: 709px) 85vw, (max-width: 909px) 67vw, (max-width: 1362px) 62vw, 840px\" \/><\/figure>\n\n\n\n<p class=\"has-medium-brown-color has-light-gray-background-color has-text-color has-background has-link-color wp-elements-ab9b263c312d7a0d2f82acb29a5ff383\"><em> Sara professeur d&rsquo;Anglais \u00e0 G\u00e9rardmer on se connait depuis longtemps. Elle corrige des copies depuis 20 ans.  Elle est pragmatique et organis\u00e9e. Merci pour ce coup de main, faute de quoi , fautes il y aurait et \u00e7a ce n&rsquo;est pas possible !<\/em> <\/p>\n\n\n\n<figure class=\"wp-block-image size-large\"><img loading=\"lazy\" decoding=\"async\" width=\"1024\" height=\"576\" src=\"https:\/\/fotisto.space\/photographe\/wp-content\/uploads\/2024\/08\/PHOTO1REDIM-1-1024x576.jpg\" alt=\"\" class=\"wp-image-7739\" srcset=\"https:\/\/fotisto.space\/photographe\/wp-content\/uploads\/2024\/08\/PHOTO1REDIM-1-1024x576.jpg 1024w, https:\/\/fotisto.space\/photographe\/wp-content\/uploads\/2024\/08\/PHOTO1REDIM-1-300x169.jpg 300w, https:\/\/fotisto.space\/photographe\/wp-content\/uploads\/2024\/08\/PHOTO1REDIM-1-768x432.jpg 768w, https:\/\/fotisto.space\/photographe\/wp-content\/uploads\/2024\/08\/PHOTO1REDIM-1-1536x864.jpg 1536w, https:\/\/fotisto.space\/photographe\/wp-content\/uploads\/2024\/08\/PHOTO1REDIM-1-1200x675.jpg 1200w, https:\/\/fotisto.space\/photographe\/wp-content\/uploads\/2024\/08\/PHOTO1REDIM-1.jpg 1600w\" sizes=\"auto, (max-width: 709px) 85vw, (max-width: 909px) 67vw, (max-width: 1362px) 62vw, 840px\" \/><\/figure>\n\n\n\n<p class=\"has-medium-brown-color has-light-gray-background-color has-text-color has-background has-link-color wp-elements-9d36ff478befbccd4d66f7362a7938a3\"><em>Aude Responsable h\u00e9bergement chez Bol d&rsquo;Air. Voyageuse et lectrice elle ne l\u00e2che pas une virgule ni une tournure de phrase&#8230; <\/em><\/p>\n\n\n\n<h4 class=\"wp-block-heading\">Du cot\u00e9 de Ramonchamp !<\/h4>\n\n\n\n<p class=\"has-medium-brown-color has-light-gray-background-color has-text-color has-background has-link-color wp-elements-962cc37b64057c7719b55cae3784ca98\"><em>Le projet nous emm\u00e8ne \u00e0 rencontrer des personnages et des lieux atypiques attachants ! <\/em> <em>Comme par exemple Fanny et Bruno sur les hauteurs de Ramonchamp. &#8230;\u00a0\u00bbon laisse vite place \u00e0 une exp\u00e9rience \u00e9picurienne d\u00e9licieuse. Des vins, des bons vins, des mets gourmands&#8230;\u00a0\u00bb<\/em><\/p>\n\n\n\n<figure class=\"wp-block-embed is-type-video is-provider-youtube wp-block-embed-youtube wp-embed-aspect-16-9 wp-has-aspect-ratio\"><div class=\"wp-block-embed__wrapper\">\n<iframe loading=\"lazy\" title=\"Dahu barbu . Fanny et Bruno\" width=\"840\" height=\"473\" src=\"https:\/\/www.youtube.com\/embed\/OrPzcaR5uwM?feature=oembed\" frameborder=\"0\" allow=\"accelerometer; autoplay; clipboard-write; encrypted-media; gyroscope; picture-in-picture; web-share\" referrerpolicy=\"strict-origin-when-cross-origin\" allowfullscreen><\/iframe>\n<\/div><\/figure>\n\n\n\n<figure class=\"wp-block-image size-large\"><img loading=\"lazy\" decoding=\"async\" width=\"1024\" height=\"682\" src=\"https:\/\/fotisto.space\/photographe\/wp-content\/uploads\/2024\/08\/D5L_5193@-1024x682.jpg\" alt=\"\" class=\"wp-image-7661\" srcset=\"https:\/\/fotisto.space\/photographe\/wp-content\/uploads\/2024\/08\/D5L_5193@-1024x682.jpg 1024w, https:\/\/fotisto.space\/photographe\/wp-content\/uploads\/2024\/08\/D5L_5193@-300x200.jpg 300w, https:\/\/fotisto.space\/photographe\/wp-content\/uploads\/2024\/08\/D5L_5193@-768x512.jpg 768w, https:\/\/fotisto.space\/photographe\/wp-content\/uploads\/2024\/08\/D5L_5193@-1536x1024.jpg 1536w, https:\/\/fotisto.space\/photographe\/wp-content\/uploads\/2024\/08\/D5L_5193@-1200x800.jpg 1200w, https:\/\/fotisto.space\/photographe\/wp-content\/uploads\/2024\/08\/D5L_5193@.jpg 2000w\" sizes=\"auto, (max-width: 709px) 85vw, (max-width: 909px) 67vw, (max-width: 1362px) 62vw, 840px\" \/><\/figure>\n\n\n\n<p class=\"has-medium-brown-color has-light-gray-background-color has-text-color has-background has-link-color wp-elements-734f3e2a807cb3cb65c35e08de2a04c4\"><em>Rapidement Emilie Laurent s&rsquo;est trouv\u00e9e \u00e0 mes yeux le personnage id\u00e9al pour repr\u00e9senter son propre r\u00f4le pour la couverture de ce livre. Elle incarne compl\u00e8tement  l&rsquo;agriculture de montagne actuelle. Vivre de la transformation du lait de ses brebis est un choix audacieux qu&rsquo;elle m\u00e8ne au jour le jour et de saisons apr\u00e8s saisons. Elle aime ses animaux et m&rsquo;avouait que finalement le plus difficile et le plus d\u00e9chirant dans son m\u00e9tier \u00e9tait de devoir se s\u00e9parer de ses brebis<\/em>,<em> une fois leur vie termin\u00e9e. On se doute du destin  de ces animaux une fois leur mission accomplie. <\/em><\/p>\n\n\n\n<figure class=\"wp-block-image size-large\"><img loading=\"lazy\" decoding=\"async\" width=\"682\" height=\"1024\" src=\"https:\/\/fotisto.space\/photographe\/wp-content\/uploads\/2024\/08\/P1016835-682x1024.jpg\" alt=\"\" class=\"wp-image-7644\" srcset=\"https:\/\/fotisto.space\/photographe\/wp-content\/uploads\/2024\/08\/P1016835-682x1024.jpg 682w, https:\/\/fotisto.space\/photographe\/wp-content\/uploads\/2024\/08\/P1016835-200x300.jpg 200w, https:\/\/fotisto.space\/photographe\/wp-content\/uploads\/2024\/08\/P1016835-768x1152.jpg 768w, https:\/\/fotisto.space\/photographe\/wp-content\/uploads\/2024\/08\/P1016835-1024x1536.jpg 1024w, https:\/\/fotisto.space\/photographe\/wp-content\/uploads\/2024\/08\/P1016835-1200x1800.jpg 1200w, https:\/\/fotisto.space\/photographe\/wp-content\/uploads\/2024\/08\/P1016835.jpg 1333w\" sizes=\"auto, (max-width: 709px) 85vw, (max-width: 909px) 67vw, (max-width: 984px) 61vw, (max-width: 1362px) 45vw, 600px\" \/><\/figure>\n\n\n\n<p class=\"has-medium-brown-color has-light-gray-background-color has-text-color has-background has-link-color wp-elements-8cd59e6052b365f6d1baf7df741f7463\"><em>Se lancer dans un projet tel que la r\u00e9alisation d&rsquo;un livre est toujours passionnant. Il ne suffit pas d&rsquo;en avoir envie et d&rsquo;\u00eatre persuad\u00e9 que c&rsquo;est une bonne id\u00e9e, il faut arriver motiver et mobiliser des partenaires. En gros et pour faire court, il faut surtout trouver des sous et du soutien&#8230; Une affaire \u00e0 suivre&#8230; <\/em><\/p>\n\n\n\n<figure class=\"wp-block-image size-large is-resized\"><img loading=\"lazy\" decoding=\"async\" width=\"1024\" height=\"683\" src=\"https:\/\/fotisto.space\/photographe\/wp-content\/uploads\/2024\/08\/Maquette-Italienne-29.07.2024-3-1-1024x683.jpg\" alt=\"\" class=\"wp-image-7491\" style=\"width:630px;height:auto\" srcset=\"https:\/\/fotisto.space\/photographe\/wp-content\/uploads\/2024\/08\/Maquette-Italienne-29.07.2024-3-1-1024x683.jpg 1024w, https:\/\/fotisto.space\/photographe\/wp-content\/uploads\/2024\/08\/Maquette-Italienne-29.07.2024-3-1-300x200.jpg 300w, https:\/\/fotisto.space\/photographe\/wp-content\/uploads\/2024\/08\/Maquette-Italienne-29.07.2024-3-1-768x512.jpg 768w, https:\/\/fotisto.space\/photographe\/wp-content\/uploads\/2024\/08\/Maquette-Italienne-29.07.2024-3-1-1536x1024.jpg 1536w, https:\/\/fotisto.space\/photographe\/wp-content\/uploads\/2024\/08\/Maquette-Italienne-29.07.2024-3-1-2048x1365.jpg 2048w, https:\/\/fotisto.space\/photographe\/wp-content\/uploads\/2024\/08\/Maquette-Italienne-29.07.2024-3-1-1200x800.jpg 1200w\" sizes=\"auto, (max-width: 709px) 85vw, (max-width: 909px) 67vw, (max-width: 1362px) 62vw, 840px\" \/><\/figure>\n\n\n\n<p><\/p>\n\n\n\n<figure class=\"wp-block-image size-large\"><img loading=\"lazy\" decoding=\"async\" width=\"1024\" height=\"653\" src=\"https:\/\/fotisto.space\/photographe\/wp-content\/uploads\/2024\/08\/780_7363-1024x653.jpg\" alt=\"\" class=\"wp-image-7554\" srcset=\"https:\/\/fotisto.space\/photographe\/wp-content\/uploads\/2024\/08\/780_7363-1024x653.jpg 1024w, https:\/\/fotisto.space\/photographe\/wp-content\/uploads\/2024\/08\/780_7363-300x191.jpg 300w, https:\/\/fotisto.space\/photographe\/wp-content\/uploads\/2024\/08\/780_7363-768x490.jpg 768w, https:\/\/fotisto.space\/photographe\/wp-content\/uploads\/2024\/08\/780_7363-1536x980.jpg 1536w, https:\/\/fotisto.space\/photographe\/wp-content\/uploads\/2024\/08\/780_7363-1200x766.jpg 1200w, https:\/\/fotisto.space\/photographe\/wp-content\/uploads\/2024\/08\/780_7363.jpg 2000w\" sizes=\"auto, (max-width: 709px) 85vw, (max-width: 909px) 67vw, (max-width: 1362px) 62vw, 840px\" \/><\/figure>\n\n\n\n<figure class=\"wp-block-image size-large\"><img loading=\"lazy\" decoding=\"async\" width=\"684\" height=\"1024\" src=\"https:\/\/fotisto.space\/photographe\/wp-content\/uploads\/2024\/08\/PLMG8243@@-684x1024.jpg\" alt=\"\" class=\"wp-image-7642\" srcset=\"https:\/\/fotisto.space\/photographe\/wp-content\/uploads\/2024\/08\/PLMG8243@@-684x1024.jpg 684w, https:\/\/fotisto.space\/photographe\/wp-content\/uploads\/2024\/08\/PLMG8243@@-200x300.jpg 200w, https:\/\/fotisto.space\/photographe\/wp-content\/uploads\/2024\/08\/PLMG8243@@-768x1150.jpg 768w, https:\/\/fotisto.space\/photographe\/wp-content\/uploads\/2024\/08\/PLMG8243@@-1026x1536.jpg 1026w, https:\/\/fotisto.space\/photographe\/wp-content\/uploads\/2024\/08\/PLMG8243@@-1200x1796.jpg 1200w, https:\/\/fotisto.space\/photographe\/wp-content\/uploads\/2024\/08\/PLMG8243@@.jpg 1336w\" sizes=\"auto, (max-width: 709px) 85vw, (max-width: 909px) 67vw, (max-width: 984px) 61vw, (max-width: 1362px) 45vw, 600px\" \/><\/figure>\n\n\n\n<p class=\"has-medium-brown-color has-light-gray-background-color has-text-color has-background has-link-color wp-elements-26f1537a7d2df820067d04c75048448e\"><em>La Ferme du Dahu Barbu&#8230; Notre histoire est celle d\u2019une famille qui souhaite revenir aux sources, dans les Vosges, l\u00e0 o\u00f9 10 ans plus t\u00f4t, nous avons r\u00e9nov\u00e9 notre petite ferme, chez Tarte &lsquo;d\u2019chique<\/em>&#8230;<\/p>\n\n\n\n<figure class=\"wp-block-image size-large\"><img loading=\"lazy\" decoding=\"async\" width=\"1024\" height=\"681\" src=\"https:\/\/fotisto.space\/photographe\/wp-content\/uploads\/2024\/08\/316282036_10226988239028348_4352657154745061200_n-1024x681.jpg\" alt=\"\" class=\"wp-image-7656\" srcset=\"https:\/\/fotisto.space\/photographe\/wp-content\/uploads\/2024\/08\/316282036_10226988239028348_4352657154745061200_n-1024x681.jpg 1024w, https:\/\/fotisto.space\/photographe\/wp-content\/uploads\/2024\/08\/316282036_10226988239028348_4352657154745061200_n-300x200.jpg 300w, https:\/\/fotisto.space\/photographe\/wp-content\/uploads\/2024\/08\/316282036_10226988239028348_4352657154745061200_n-768x511.jpg 768w, https:\/\/fotisto.space\/photographe\/wp-content\/uploads\/2024\/08\/316282036_10226988239028348_4352657154745061200_n-1200x798.jpg 1200w, https:\/\/fotisto.space\/photographe\/wp-content\/uploads\/2024\/08\/316282036_10226988239028348_4352657154745061200_n.jpg 1500w\" sizes=\"auto, (max-width: 709px) 85vw, (max-width: 909px) 67vw, (max-width: 1362px) 62vw, 840px\" \/><\/figure>\n\n\n\n<p class=\"has-medium-brown-color has-light-gray-background-color has-text-color has-background has-link-color wp-elements-92f842cc473e1f1e90880e02259242d7\"><em>Emilie, Hubert, Simon. Transmission, association, avancer !<\/em><\/p>\n\n\n\n<figure class=\"wp-block-image size-large\"><img loading=\"lazy\" decoding=\"async\" width=\"1024\" height=\"622\" src=\"https:\/\/fotisto.space\/photographe\/wp-content\/uploads\/2024\/08\/P1011945-1024x622.jpg\" alt=\"\" class=\"wp-image-7638\" srcset=\"https:\/\/fotisto.space\/photographe\/wp-content\/uploads\/2024\/08\/P1011945-1024x622.jpg 1024w, https:\/\/fotisto.space\/photographe\/wp-content\/uploads\/2024\/08\/P1011945-300x182.jpg 300w, https:\/\/fotisto.space\/photographe\/wp-content\/uploads\/2024\/08\/P1011945-768x466.jpg 768w, https:\/\/fotisto.space\/photographe\/wp-content\/uploads\/2024\/08\/P1011945-1536x932.jpg 1536w, https:\/\/fotisto.space\/photographe\/wp-content\/uploads\/2024\/08\/P1011945-1200x728.jpg 1200w, https:\/\/fotisto.space\/photographe\/wp-content\/uploads\/2024\/08\/P1011945.jpg 2000w\" sizes=\"auto, (max-width: 709px) 85vw, (max-width: 909px) 67vw, (max-width: 1362px) 62vw, 840px\" \/><\/figure>\n\n\n\n<p class=\"has-medium-brown-color has-light-gray-background-color has-text-color has-background has-link-color wp-elements-4dbcd624bfc5dad3549f9d1acb6f47e9\">L\u2019histoire des&nbsp;<em>Embetsch\u00e9s est romanesque \u00e0 plus d\u2019un titre. Dominique Schmitt passionn\u00e9<\/em>&#8230;.<\/p>\n\n\n\n<figure class=\"wp-block-image size-large is-resized\"><img loading=\"lazy\" decoding=\"async\" width=\"1024\" height=\"591\" src=\"https:\/\/fotisto.space\/photographe\/wp-content\/uploads\/2024\/08\/P1031157-1024x591.jpg\" alt=\"\" class=\"wp-image-7606\" style=\"width:630px;height:auto\" srcset=\"https:\/\/fotisto.space\/photographe\/wp-content\/uploads\/2024\/08\/P1031157-1024x591.jpg 1024w, https:\/\/fotisto.space\/photographe\/wp-content\/uploads\/2024\/08\/P1031157-300x173.jpg 300w, https:\/\/fotisto.space\/photographe\/wp-content\/uploads\/2024\/08\/P1031157-768x443.jpg 768w, https:\/\/fotisto.space\/photographe\/wp-content\/uploads\/2024\/08\/P1031157-1536x886.jpg 1536w, https:\/\/fotisto.space\/photographe\/wp-content\/uploads\/2024\/08\/P1031157-1200x692.jpg 1200w, https:\/\/fotisto.space\/photographe\/wp-content\/uploads\/2024\/08\/P1031157.jpg 2000w\" sizes=\"auto, (max-width: 709px) 85vw, (max-width: 909px) 67vw, (max-width: 1362px) 62vw, 840px\" \/><\/figure>\n\n\n\n<p class=\"has-medium-brown-color has-light-gray-background-color has-text-color has-background has-link-color wp-elements-9e604d41339d92bfc36eb779ec9155bf\"><em>Dans Apiculture il y a aussi Agriculture&#8230; <\/em><\/p>\n\n\n\n<figure class=\"wp-block-image size-large is-resized\"><img loading=\"lazy\" decoding=\"async\" width=\"1024\" height=\"681\" src=\"https:\/\/fotisto.space\/photographe\/wp-content\/uploads\/2024\/08\/780_2004@-1024x681.jpg\" alt=\"\" class=\"wp-image-7602\" style=\"width:630px;height:auto\" srcset=\"https:\/\/fotisto.space\/photographe\/wp-content\/uploads\/2024\/08\/780_2004@-1024x681.jpg 1024w, https:\/\/fotisto.space\/photographe\/wp-content\/uploads\/2024\/08\/780_2004@-300x200.jpg 300w, https:\/\/fotisto.space\/photographe\/wp-content\/uploads\/2024\/08\/780_2004@-768x511.jpg 768w, https:\/\/fotisto.space\/photographe\/wp-content\/uploads\/2024\/08\/780_2004@-1536x1022.jpg 1536w, https:\/\/fotisto.space\/photographe\/wp-content\/uploads\/2024\/08\/780_2004@-1200x799.jpg 1200w, https:\/\/fotisto.space\/photographe\/wp-content\/uploads\/2024\/08\/780_2004@.jpg 2000w\" sizes=\"auto, (max-width: 709px) 85vw, (max-width: 909px) 67vw, (max-width: 1362px) 62vw, 840px\" \/><\/figure>\n\n\n\n<p class=\"has-medium-brown-color has-light-gray-background-color has-text-color has-background has-link-color wp-elements-9eb1b86b2d7977f4203bdc548e8fb8f7\">Le nouveau <em>Magasin de producteur \u00e0 La Bresse. \u00ab\u00a0Paysan Direct<\/em>\u00ab\u00a0<\/p>\n\n\n\n<figure class=\"wp-block-image size-large is-resized\"><img loading=\"lazy\" decoding=\"async\" width=\"1024\" height=\"545\" src=\"https:\/\/fotisto.space\/photographe\/wp-content\/uploads\/2024\/08\/P1000736-1024x545.jpg\" alt=\"\" class=\"wp-image-7596\" style=\"width:630px;height:auto\" srcset=\"https:\/\/fotisto.space\/photographe\/wp-content\/uploads\/2024\/08\/P1000736-1024x545.jpg 1024w, https:\/\/fotisto.space\/photographe\/wp-content\/uploads\/2024\/08\/P1000736-300x160.jpg 300w, https:\/\/fotisto.space\/photographe\/wp-content\/uploads\/2024\/08\/P1000736-768x409.jpg 768w, https:\/\/fotisto.space\/photographe\/wp-content\/uploads\/2024\/08\/P1000736-1536x817.jpg 1536w, https:\/\/fotisto.space\/photographe\/wp-content\/uploads\/2024\/08\/P1000736-1200x638.jpg 1200w, https:\/\/fotisto.space\/photographe\/wp-content\/uploads\/2024\/08\/P1000736.jpg 2000w\" sizes=\"auto, (max-width: 709px) 85vw, (max-width: 909px) 67vw, (max-width: 1362px) 62vw, 840px\" \/><\/figure>\n\n\n\n<figure class=\"wp-block-image size-large is-resized\"><img loading=\"lazy\" decoding=\"async\" width=\"1024\" height=\"729\" src=\"https:\/\/fotisto.space\/photographe\/wp-content\/uploads\/2024\/08\/P1000762-1024x729.jpg\" alt=\"\" class=\"wp-image-7598\" style=\"width:634px;height:auto\" srcset=\"https:\/\/fotisto.space\/photographe\/wp-content\/uploads\/2024\/08\/P1000762-1024x729.jpg 1024w, https:\/\/fotisto.space\/photographe\/wp-content\/uploads\/2024\/08\/P1000762-300x214.jpg 300w, https:\/\/fotisto.space\/photographe\/wp-content\/uploads\/2024\/08\/P1000762-768x547.jpg 768w, https:\/\/fotisto.space\/photographe\/wp-content\/uploads\/2024\/08\/P1000762-1536x1094.jpg 1536w, https:\/\/fotisto.space\/photographe\/wp-content\/uploads\/2024\/08\/P1000762-1200x854.jpg 1200w, https:\/\/fotisto.space\/photographe\/wp-content\/uploads\/2024\/08\/P1000762.jpg 2000w\" sizes=\"auto, (max-width: 709px) 85vw, (max-width: 909px) 67vw, (max-width: 1362px) 62vw, 840px\" \/><\/figure>\n\n\n\n<figure class=\"wp-block-image size-large is-resized\"><img loading=\"lazy\" decoding=\"async\" width=\"682\" height=\"1024\" src=\"https:\/\/fotisto.space\/photographe\/wp-content\/uploads\/2024\/08\/P1000790-682x1024.jpg\" alt=\"\" class=\"wp-image-7599\" style=\"width:630px;height:auto\" srcset=\"https:\/\/fotisto.space\/photographe\/wp-content\/uploads\/2024\/08\/P1000790-682x1024.jpg 682w, https:\/\/fotisto.space\/photographe\/wp-content\/uploads\/2024\/08\/P1000790-200x300.jpg 200w, https:\/\/fotisto.space\/photographe\/wp-content\/uploads\/2024\/08\/P1000790-768x1152.jpg 768w, https:\/\/fotisto.space\/photographe\/wp-content\/uploads\/2024\/08\/P1000790-1024x1536.jpg 1024w, https:\/\/fotisto.space\/photographe\/wp-content\/uploads\/2024\/08\/P1000790-1200x1800.jpg 1200w, https:\/\/fotisto.space\/photographe\/wp-content\/uploads\/2024\/08\/P1000790.jpg 1333w\" sizes=\"auto, (max-width: 709px) 85vw, (max-width: 909px) 67vw, (max-width: 984px) 61vw, (max-width: 1362px) 45vw, 600px\" \/><\/figure>\n\n\n\n<p class=\"has-medium-brown-color has-light-gray-background-color has-text-color has-background has-link-color wp-elements-c5ac7393c583b85bf1718f76a400848c\"><em>BIOCOOP Epinal<\/em><\/p>\n\n\n\n<figure class=\"wp-block-image size-large is-resized\"><img loading=\"lazy\" decoding=\"async\" width=\"1024\" height=\"682\" src=\"https:\/\/fotisto.space\/photographe\/wp-content\/uploads\/2024\/08\/P1001373-1024x682.jpg\" alt=\"\" class=\"wp-image-7593\" style=\"width:630px;height:auto\" srcset=\"https:\/\/fotisto.space\/photographe\/wp-content\/uploads\/2024\/08\/P1001373-1024x682.jpg 1024w, https:\/\/fotisto.space\/photographe\/wp-content\/uploads\/2024\/08\/P1001373-300x200.jpg 300w, https:\/\/fotisto.space\/photographe\/wp-content\/uploads\/2024\/08\/P1001373-768x512.jpg 768w, https:\/\/fotisto.space\/photographe\/wp-content\/uploads\/2024\/08\/P1001373-1536x1024.jpg 1536w, https:\/\/fotisto.space\/photographe\/wp-content\/uploads\/2024\/08\/P1001373-1200x800.jpg 1200w, https:\/\/fotisto.space\/photographe\/wp-content\/uploads\/2024\/08\/P1001373.jpg 2000w\" sizes=\"auto, (max-width: 709px) 85vw, (max-width: 909px) 67vw, (max-width: 1362px) 62vw, 840px\" \/><\/figure>\n\n\n\n<p class=\"has-medium-brown-color has-light-gray-background-color has-text-color has-background has-link-color wp-elements-429fcb556352256a70d886de2de7264d\"><em>D\u00e9marche active de consommer mieux et en famille&#8230;<\/em><\/p>\n\n\n\n<figure class=\"wp-block-image size-large is-resized\"><img loading=\"lazy\" decoding=\"async\" width=\"1024\" height=\"623\" src=\"https:\/\/fotisto.space\/photographe\/wp-content\/uploads\/2024\/08\/P1000902@-1024x623.jpg\" alt=\"\" class=\"wp-image-7580\" style=\"width:630px;height:auto\" srcset=\"https:\/\/fotisto.space\/photographe\/wp-content\/uploads\/2024\/08\/P1000902@-1024x623.jpg 1024w, https:\/\/fotisto.space\/photographe\/wp-content\/uploads\/2024\/08\/P1000902@-300x182.jpg 300w, https:\/\/fotisto.space\/photographe\/wp-content\/uploads\/2024\/08\/P1000902@-768x467.jpg 768w, https:\/\/fotisto.space\/photographe\/wp-content\/uploads\/2024\/08\/P1000902@-1536x934.jpg 1536w, https:\/\/fotisto.space\/photographe\/wp-content\/uploads\/2024\/08\/P1000902@-1200x730.jpg 1200w, https:\/\/fotisto.space\/photographe\/wp-content\/uploads\/2024\/08\/P1000902@.jpg 2000w\" sizes=\"auto, (max-width: 709px) 85vw, (max-width: 909px) 67vw, (max-width: 1362px) 62vw, 840px\" \/><\/figure>\n\n\n\n<p class=\"has-medium-brown-color has-light-gray-background-color has-text-color has-background has-link-color wp-elements-4b503e050b74677eb9dc2c03f52f3e24\"><em>Evidement qu\u2019il me fallait raconter la ferme auberge du Felsach sur ce projet. D\u00e9j\u00e0 parce que j\u2019y monte depuis plus de 40 ans avec toujours autant de plaisir et maintenant de souvenirs et puis parce que le d\u00e9cor est juste magnifique. L\u2019auberge domine le col d\u2019Oderen, trait d\u2019union entre l\u2019Alsace et La Lorraine. D\u2019un cot\u00e9 la vall\u00e9e de la Thur et de l\u2019autre Ventron et la vall\u00e9e de la Moselotte.<\/em><\/p>\n\n\n\n<figure class=\"wp-block-image size-large is-resized\"><img loading=\"lazy\" decoding=\"async\" width=\"1024\" height=\"497\" src=\"https:\/\/fotisto.space\/photographe\/wp-content\/uploads\/2024\/08\/463615464_10231439250740859_8195929212221417394_n-1024x497.jpg\" alt=\"\" class=\"wp-image-7584\" style=\"width:630px;height:auto\" srcset=\"https:\/\/fotisto.space\/photographe\/wp-content\/uploads\/2024\/08\/463615464_10231439250740859_8195929212221417394_n-1024x497.jpg 1024w, https:\/\/fotisto.space\/photographe\/wp-content\/uploads\/2024\/08\/463615464_10231439250740859_8195929212221417394_n-300x146.jpg 300w, https:\/\/fotisto.space\/photographe\/wp-content\/uploads\/2024\/08\/463615464_10231439250740859_8195929212221417394_n-768x373.jpg 768w, https:\/\/fotisto.space\/photographe\/wp-content\/uploads\/2024\/08\/463615464_10231439250740859_8195929212221417394_n-1200x582.jpg 1200w, https:\/\/fotisto.space\/photographe\/wp-content\/uploads\/2024\/08\/463615464_10231439250740859_8195929212221417394_n.jpg 1500w\" sizes=\"auto, (max-width: 709px) 85vw, (max-width: 909px) 67vw, (max-width: 1362px) 62vw, 840px\" \/><\/figure>\n\n\n\n<figure class=\"wp-block-image size-large is-resized\"><img loading=\"lazy\" decoding=\"async\" width=\"1024\" height=\"681\" src=\"https:\/\/fotisto.space\/photographe\/wp-content\/uploads\/2024\/08\/463451369_10231439249900838_5382289717916569955_n-1024x681.jpg\" alt=\"\" class=\"wp-image-7585\" style=\"width:630px;height:auto\" srcset=\"https:\/\/fotisto.space\/photographe\/wp-content\/uploads\/2024\/08\/463451369_10231439249900838_5382289717916569955_n-1024x681.jpg 1024w, https:\/\/fotisto.space\/photographe\/wp-content\/uploads\/2024\/08\/463451369_10231439249900838_5382289717916569955_n-300x200.jpg 300w, https:\/\/fotisto.space\/photographe\/wp-content\/uploads\/2024\/08\/463451369_10231439249900838_5382289717916569955_n-768x511.jpg 768w, https:\/\/fotisto.space\/photographe\/wp-content\/uploads\/2024\/08\/463451369_10231439249900838_5382289717916569955_n-1536x1022.jpg 1536w, https:\/\/fotisto.space\/photographe\/wp-content\/uploads\/2024\/08\/463451369_10231439249900838_5382289717916569955_n-1200x799.jpg 1200w, https:\/\/fotisto.space\/photographe\/wp-content\/uploads\/2024\/08\/463451369_10231439249900838_5382289717916569955_n.jpg 2000w\" sizes=\"auto, (max-width: 709px) 85vw, (max-width: 909px) 67vw, (max-width: 1362px) 62vw, 840px\" \/><\/figure>\n\n\n\n<p class=\"has-medium-brown-color has-light-gray-background-color has-text-color has-background has-link-color wp-elements-8fde183eb669aca5dcd75d219b4b90e4\"><em>Le lait provient du GAEC du PERHY \u00e0 quelques centaines de m\u00e8tres en contre bas, o\u00f9 Jean Philippe Remy, le compagnon de Justine \u00e9l\u00e8ve des vaches qui produisent le lait des Yaourts\u2026 J\u2019esp\u00e8re que vous me suivez&#8230;. <\/em><\/p>\n\n\n\n<figure class=\"wp-block-image size-large is-resized\"><img loading=\"lazy\" decoding=\"async\" width=\"1024\" height=\"647\" src=\"https:\/\/fotisto.space\/photographe\/wp-content\/uploads\/2024\/08\/437510681_10229939864337136_6132597477123024476_n-1024x647.jpg\" alt=\"\" class=\"wp-image-7576\" style=\"width:630px;height:auto\" srcset=\"https:\/\/fotisto.space\/photographe\/wp-content\/uploads\/2024\/08\/437510681_10229939864337136_6132597477123024476_n-1024x647.jpg 1024w, https:\/\/fotisto.space\/photographe\/wp-content\/uploads\/2024\/08\/437510681_10229939864337136_6132597477123024476_n-300x190.jpg 300w, https:\/\/fotisto.space\/photographe\/wp-content\/uploads\/2024\/08\/437510681_10229939864337136_6132597477123024476_n-768x485.jpg 768w, https:\/\/fotisto.space\/photographe\/wp-content\/uploads\/2024\/08\/437510681_10229939864337136_6132597477123024476_n-1536x971.jpg 1536w, https:\/\/fotisto.space\/photographe\/wp-content\/uploads\/2024\/08\/437510681_10229939864337136_6132597477123024476_n-1200x758.jpg 1200w, https:\/\/fotisto.space\/photographe\/wp-content\/uploads\/2024\/08\/437510681_10229939864337136_6132597477123024476_n.jpg 2048w\" sizes=\"auto, (max-width: 709px) 85vw, (max-width: 909px) 67vw, (max-width: 1362px) 62vw, 840px\" \/><\/figure>\n\n\n\n<p class=\"has-medium-brown-color has-light-gray-background-color has-text-color has-background has-link-color wp-elements-68dbeca7a801b51380cc138f329a4c2d\"><em>De la graine \u00e0 l&rsquo;assiette. Justement ! Anne Jacopin et son bl\u00e9 2024<\/em><\/p>\n\n\n\n<figure class=\"wp-block-image size-large is-resized\"><img loading=\"lazy\" decoding=\"async\" width=\"1024\" height=\"682\" src=\"https:\/\/fotisto.space\/photographe\/wp-content\/uploads\/2024\/08\/Anne-JACOPIN_LM-DSC_0584-1024x682.jpg\" alt=\"\" class=\"wp-image-7572\" style=\"width:630px;height:auto\" srcset=\"https:\/\/fotisto.space\/photographe\/wp-content\/uploads\/2024\/08\/Anne-JACOPIN_LM-DSC_0584-1024x682.jpg 1024w, https:\/\/fotisto.space\/photographe\/wp-content\/uploads\/2024\/08\/Anne-JACOPIN_LM-DSC_0584-300x200.jpg 300w, https:\/\/fotisto.space\/photographe\/wp-content\/uploads\/2024\/08\/Anne-JACOPIN_LM-DSC_0584-768x511.jpg 768w, https:\/\/fotisto.space\/photographe\/wp-content\/uploads\/2024\/08\/Anne-JACOPIN_LM-DSC_0584-1536x1022.jpg 1536w, https:\/\/fotisto.space\/photographe\/wp-content\/uploads\/2024\/08\/Anne-JACOPIN_LM-DSC_0584-2048x1363.jpg 2048w, https:\/\/fotisto.space\/photographe\/wp-content\/uploads\/2024\/08\/Anne-JACOPIN_LM-DSC_0584-1200x799.jpg 1200w\" sizes=\"auto, (max-width: 709px) 85vw, (max-width: 909px) 67vw, (max-width: 1362px) 62vw, 840px\" \/><\/figure>\n\n\n\n<p class=\"has-medium-brown-color has-light-gray-background-color has-text-color has-background has-link-color wp-elements-3a383b987e6bbd5a0a1f754f1cf153a0\"><em>Au GAEC du Haut des Hayes de la famille Claudel, le bon sens paysan prend toute sa signification. Jean-Pierre le p\u00e8re sait comme son p\u00e8re avant lui, tout faire ou presque. &nbsp;Ses fils Christophe et L\u00e9o pr\u00e9sents sur l\u2019exploitation continuent l\u2019histoire accompagn\u00e9 de Francine, la maman<\/em><\/p>\n\n\n\n<figure class=\"wp-block-image size-large\"><img loading=\"lazy\" decoding=\"async\" width=\"1024\" height=\"684\" src=\"https:\/\/fotisto.space\/photographe\/wp-content\/uploads\/2024\/08\/Gaec-du-Ht-des-Hayes_LM_DSC_3956-1024x684.jpg\" alt=\"\" class=\"wp-image-7569\" srcset=\"https:\/\/fotisto.space\/photographe\/wp-content\/uploads\/2024\/08\/Gaec-du-Ht-des-Hayes_LM_DSC_3956-1024x684.jpg 1024w, https:\/\/fotisto.space\/photographe\/wp-content\/uploads\/2024\/08\/Gaec-du-Ht-des-Hayes_LM_DSC_3956-300x200.jpg 300w, https:\/\/fotisto.space\/photographe\/wp-content\/uploads\/2024\/08\/Gaec-du-Ht-des-Hayes_LM_DSC_3956-768x513.jpg 768w, https:\/\/fotisto.space\/photographe\/wp-content\/uploads\/2024\/08\/Gaec-du-Ht-des-Hayes_LM_DSC_3956-1536x1025.jpg 1536w, https:\/\/fotisto.space\/photographe\/wp-content\/uploads\/2024\/08\/Gaec-du-Ht-des-Hayes_LM_DSC_3956-2048x1367.jpg 2048w, https:\/\/fotisto.space\/photographe\/wp-content\/uploads\/2024\/08\/Gaec-du-Ht-des-Hayes_LM_DSC_3956-1200x801.jpg 1200w\" sizes=\"auto, (max-width: 709px) 85vw, (max-width: 909px) 67vw, (max-width: 1362px) 62vw, 840px\" \/><\/figure>\n\n\n\n<p class=\"has-medium-brown-color has-light-gray-background-color has-text-color has-background has-link-color wp-elements-3f79cbfcbaf389338acd3869d605842f\"><em>Dans mon aventure avec les gens de la terre l&rsquo;apiculture occupe une place \u00e0 part. <\/em><\/p>\n\n\n\n<figure class=\"wp-block-image size-large\"><img loading=\"lazy\" decoding=\"async\" width=\"1024\" height=\"683\" src=\"https:\/\/fotisto.space\/photographe\/wp-content\/uploads\/2024\/08\/26232951_10214830634455832_57043553151389255_o-1-1024x683.jpg\" alt=\"\" class=\"wp-image-7560\" srcset=\"https:\/\/fotisto.space\/photographe\/wp-content\/uploads\/2024\/08\/26232951_10214830634455832_57043553151389255_o-1-1024x683.jpg 1024w, https:\/\/fotisto.space\/photographe\/wp-content\/uploads\/2024\/08\/26232951_10214830634455832_57043553151389255_o-1-300x200.jpg 300w, https:\/\/fotisto.space\/photographe\/wp-content\/uploads\/2024\/08\/26232951_10214830634455832_57043553151389255_o-1-768x512.jpg 768w, https:\/\/fotisto.space\/photographe\/wp-content\/uploads\/2024\/08\/26232951_10214830634455832_57043553151389255_o-1-1200x800.jpg 1200w, https:\/\/fotisto.space\/photographe\/wp-content\/uploads\/2024\/08\/26232951_10214830634455832_57043553151389255_o-1.jpg 1500w\" sizes=\"auto, (max-width: 709px) 85vw, (max-width: 909px) 67vw, (max-width: 1362px) 62vw, 840px\" \/><\/figure>\n\n\n\n<p><\/p>\n\n\n\n<p class=\"has-medium-brown-color has-light-gray-background-color has-text-color has-background has-link-color wp-elements-14f4842b75d8471be147cfcb1316c59b\"><em>Le pain du \u00ab\u00a0Gab\u00a0\u00bb incontournable. Gr\u00e9gory et son \u00e9quipe illustrent parfaitement la d\u00e9marche de travailler avec de bons produits. On retrouve ses pain dans plusieurs boutiques de producteurs.  <\/em><\/p>\n\n\n\n<figure class=\"wp-block-image size-large is-resized\"><img loading=\"lazy\" decoding=\"async\" width=\"1024\" height=\"681\" src=\"https:\/\/fotisto.space\/photographe\/wp-content\/uploads\/2024\/08\/780_7147-1024x681.jpg\" alt=\"\" class=\"wp-image-7548\" style=\"width:630px;height:auto\" srcset=\"https:\/\/fotisto.space\/photographe\/wp-content\/uploads\/2024\/08\/780_7147-1024x681.jpg 1024w, https:\/\/fotisto.space\/photographe\/wp-content\/uploads\/2024\/08\/780_7147-300x200.jpg 300w, https:\/\/fotisto.space\/photographe\/wp-content\/uploads\/2024\/08\/780_7147-768x511.jpg 768w, https:\/\/fotisto.space\/photographe\/wp-content\/uploads\/2024\/08\/780_7147-1536x1022.jpg 1536w, https:\/\/fotisto.space\/photographe\/wp-content\/uploads\/2024\/08\/780_7147-1200x799.jpg 1200w, https:\/\/fotisto.space\/photographe\/wp-content\/uploads\/2024\/08\/780_7147.jpg 2000w\" sizes=\"auto, (max-width: 709px) 85vw, (max-width: 909px) 67vw, (max-width: 1362px) 62vw, 840px\" \/><\/figure>\n\n\n\n<figure class=\"wp-block-image size-large is-resized\"><img loading=\"lazy\" decoding=\"async\" width=\"681\" height=\"1024\" src=\"https:\/\/fotisto.space\/photographe\/wp-content\/uploads\/2024\/08\/780_7100-681x1024.jpg\" alt=\"\" class=\"wp-image-7549\" style=\"width:630px;height:auto\" srcset=\"https:\/\/fotisto.space\/photographe\/wp-content\/uploads\/2024\/08\/780_7100-681x1024.jpg 681w, https:\/\/fotisto.space\/photographe\/wp-content\/uploads\/2024\/08\/780_7100-200x300.jpg 200w, https:\/\/fotisto.space\/photographe\/wp-content\/uploads\/2024\/08\/780_7100-768x1154.jpg 768w, https:\/\/fotisto.space\/photographe\/wp-content\/uploads\/2024\/08\/780_7100-1022x1536.jpg 1022w, https:\/\/fotisto.space\/photographe\/wp-content\/uploads\/2024\/08\/780_7100-1200x1803.jpg 1200w, https:\/\/fotisto.space\/photographe\/wp-content\/uploads\/2024\/08\/780_7100.jpg 1331w\" sizes=\"auto, (max-width: 709px) 85vw, (max-width: 909px) 67vw, (max-width: 984px) 61vw, (max-width: 1362px) 45vw, 600px\" \/><\/figure>\n\n\n\n<figure class=\"wp-block-image size-large is-resized\"><img loading=\"lazy\" decoding=\"async\" width=\"1024\" height=\"681\" src=\"https:\/\/fotisto.space\/photographe\/wp-content\/uploads\/2024\/08\/780_7135-1024x681.jpg\" alt=\"\" class=\"wp-image-7550\" style=\"width:630px;height:auto\" srcset=\"https:\/\/fotisto.space\/photographe\/wp-content\/uploads\/2024\/08\/780_7135-1024x681.jpg 1024w, https:\/\/fotisto.space\/photographe\/wp-content\/uploads\/2024\/08\/780_7135-300x200.jpg 300w, https:\/\/fotisto.space\/photographe\/wp-content\/uploads\/2024\/08\/780_7135-768x511.jpg 768w, https:\/\/fotisto.space\/photographe\/wp-content\/uploads\/2024\/08\/780_7135-1536x1022.jpg 1536w, https:\/\/fotisto.space\/photographe\/wp-content\/uploads\/2024\/08\/780_7135-1200x799.jpg 1200w, https:\/\/fotisto.space\/photographe\/wp-content\/uploads\/2024\/08\/780_7135.jpg 2000w\" sizes=\"auto, (max-width: 709px) 85vw, (max-width: 909px) 67vw, (max-width: 1362px) 62vw, 840px\" \/><\/figure>\n\n\n\n<p><\/p>\n\n\n\n<blockquote class=\"wp-block-quote is-layout-flow wp-block-quote-is-layout-flow\">\n<p class=\"has-medium-brown-color has-light-gray-background-color has-text-color has-background has-link-color wp-elements-b7a3fb493ae4daff6734867a1f94c325\">Si tes parents ont grandi dans une ferme alors il y a de fortes chances que tes vacances, tes dimanches, ta jeunesse tu les passes aux culs des vaches et comme tu n\u2019as rien vu d\u2019autres alors tout va bien. <\/p>\n\n\n\n<p class=\"has-medium-brown-color has-light-gray-background-color has-text-color has-background has-link-color wp-elements-0f371b14f7c4abbf2f4799fc85a3b2db\">Tout le monde se r\u00e9jouissait de la fin des foins autour d\u2019une grande tabl\u00e9e de beaux-fr\u00e8res et de tantes, les regains n\u2019\u00e9taient pas loin.&nbsp; Les plus grands avaient droit au vin de groseille, et nous c\u2019\u00e9tait le traditionnel \u00ab&nbsp;Sic citron, sic orange&nbsp;\u00bb, une limonade color\u00e9e dont on se souvient toute sa vie.&nbsp; S\u2019en suivaient rapidement les patates \u00e0 arracher, il \u00e9tait alors temps de tuer le cochon. Puis bien s\u00fbr, couper du bois de chauffage sauf les jours de chasse en regardant tomber les premiers flocons. L\u2019hiver dans les Vosges \u00e9tait bien marqu\u00e9, froid et long, mais c\u2019\u00e9tait la promesse de printemps lumineux et d\u2019une nouvelle ann\u00e9e pareille \u00e0 la pr\u00e9c\u00e9dente ou presque\u2026<\/p>\n\n\n\n<p class=\"has-medium-brown-color has-light-gray-background-color has-text-color has-background has-link-color wp-elements-33983a110527c3d5f2f6b7ad876afa15\">Avec les cousins on aimait beaucoup ces gros nuages noirs et les pluies du samedi matin. C\u2019\u00e9tait l\u2019assurance de s\u2019\u00e9chapper dans la for\u00eat toute proche et d\u2019\u00e9chapper surtout \u00e0 la mission du r\u00e2teau. Les hommes r\u00e2laient et picolaient gentiment \u00e0 la cuisine, les s\u0153urs et belles s\u0153urs rougissaient et riaient de bon c\u0153ur dans une pi\u00e8ce du fond.&nbsp; Ma grand-m\u00e8re \u00e9pluchait, inlassablement face \u00e0 mon grand p\u00e8re, en silence. &nbsp;<\/p>\n\n\n\n<p class=\"has-medium-brown-color has-light-gray-background-color has-text-color has-background has-link-color wp-elements-92db42f7a5aee73ee632084ef17b2fc5\">Chez les paysans la vie est faite de saisons, de labeurs et de saveurs\u2026&nbsp;<\/p>\n<\/blockquote>\n\n\n\n<p><\/p>\n\n\n\n<figure class=\"wp-block-image size-large\"><img loading=\"lazy\" decoding=\"async\" width=\"1024\" height=\"574\" src=\"https:\/\/fotisto.space\/photographe\/wp-content\/uploads\/2024\/08\/DJI_0491@-1024x574.jpg\" alt=\"\" class=\"wp-image-7512\" srcset=\"https:\/\/fotisto.space\/photographe\/wp-content\/uploads\/2024\/08\/DJI_0491@-1024x574.jpg 1024w, https:\/\/fotisto.space\/photographe\/wp-content\/uploads\/2024\/08\/DJI_0491@-300x168.jpg 300w, https:\/\/fotisto.space\/photographe\/wp-content\/uploads\/2024\/08\/DJI_0491@-768x431.jpg 768w, https:\/\/fotisto.space\/photographe\/wp-content\/uploads\/2024\/08\/DJI_0491@-1536x861.jpg 1536w, https:\/\/fotisto.space\/photographe\/wp-content\/uploads\/2024\/08\/DJI_0491@-2048x1149.jpg 2048w, https:\/\/fotisto.space\/photographe\/wp-content\/uploads\/2024\/08\/DJI_0491@-1200x673.jpg 1200w\" sizes=\"auto, (max-width: 709px) 85vw, (max-width: 909px) 67vw, (max-width: 1362px) 62vw, 840px\" \/><\/figure>\n\n\n\n<p class=\"has-medium-brown-color has-light-gray-background-color has-text-color has-background has-link-color wp-elements-8b290be38135a5e0e04d559688f99b80\"><em>Apr\u00e8s des ann\u00e9es de reportages autour et avec le monde paysan, des producteurs, \u00e9leveurs, maraichers le projet d&rsquo;un livre m&rsquo;est par\u00fbt  incontournable.  Ces femmes et ces hommes, sur le terrain tous les jours pour nous offrir des produits de qualit\u00e9, j&rsquo;ai eu envie de les rassembler dans un livre. <\/em> <em>Sortie pr\u00e9vue. Printemps 2025&#8230;<\/em><\/p>\n\n\n\n<figure class=\"wp-block-image size-large is-resized\"><img loading=\"lazy\" decoding=\"async\" width=\"1024\" height=\"681\" src=\"https:\/\/fotisto.space\/photographe\/wp-content\/uploads\/2024\/08\/780_5177@-1024x681.jpg\" alt=\"\" class=\"wp-image-7517\" style=\"width:630px;height:auto\" srcset=\"https:\/\/fotisto.space\/photographe\/wp-content\/uploads\/2024\/08\/780_5177@-1024x681.jpg 1024w, https:\/\/fotisto.space\/photographe\/wp-content\/uploads\/2024\/08\/780_5177@-300x200.jpg 300w, https:\/\/fotisto.space\/photographe\/wp-content\/uploads\/2024\/08\/780_5177@-768x511.jpg 768w, https:\/\/fotisto.space\/photographe\/wp-content\/uploads\/2024\/08\/780_5177@-1536x1022.jpg 1536w, https:\/\/fotisto.space\/photographe\/wp-content\/uploads\/2024\/08\/780_5177@-2048x1362.jpg 2048w, https:\/\/fotisto.space\/photographe\/wp-content\/uploads\/2024\/08\/780_5177@-1200x798.jpg 1200w\" sizes=\"auto, (max-width: 709px) 85vw, (max-width: 909px) 67vw, (max-width: 1362px) 62vw, 840px\" \/><\/figure>\n\n\n\n<p class=\"has-medium-brown-color has-light-gray-background-color has-text-color has-background has-link-color wp-elements-39b210980653aa074f68d2fbf77584b5\"><em>Le Bon sens paysan, il est plein de dictons qui racontent et image parfaitement vies et coutumes de la profession. <\/em>\u00ab\u00a0<em>C&rsquo;est en \u00e9t\u00e9 qu&rsquo;il faut faner\u00a0\u00bb \u00ab\u00a0Faire avec ce que l&rsquo;on a et pas avec ce que l&rsquo;on a pas \u00ab\u00a0<\/em><\/p>\n\n\n\n<figure class=\"wp-block-image size-large is-resized\"><img loading=\"lazy\" decoding=\"async\" width=\"682\" height=\"1024\" src=\"https:\/\/fotisto.space\/photographe\/wp-content\/uploads\/2024\/08\/DJI_0543@@-682x1024.jpg\" alt=\"\" class=\"wp-image-7518\" style=\"width:630px;height:auto\" srcset=\"https:\/\/fotisto.space\/photographe\/wp-content\/uploads\/2024\/08\/DJI_0543@@-682x1024.jpg 682w, https:\/\/fotisto.space\/photographe\/wp-content\/uploads\/2024\/08\/DJI_0543@@-200x300.jpg 200w, https:\/\/fotisto.space\/photographe\/wp-content\/uploads\/2024\/08\/DJI_0543@@-768x1152.jpg 768w, https:\/\/fotisto.space\/photographe\/wp-content\/uploads\/2024\/08\/DJI_0543@@-1024x1536.jpg 1024w, https:\/\/fotisto.space\/photographe\/wp-content\/uploads\/2024\/08\/DJI_0543@@-1365x2048.jpg 1365w, https:\/\/fotisto.space\/photographe\/wp-content\/uploads\/2024\/08\/DJI_0543@@-1200x1801.jpg 1200w, https:\/\/fotisto.space\/photographe\/wp-content\/uploads\/2024\/08\/DJI_0543@@.jpg 1666w\" sizes=\"auto, (max-width: 709px) 85vw, (max-width: 909px) 67vw, (max-width: 984px) 61vw, (max-width: 1362px) 45vw, 600px\" \/><\/figure>\n\n\n\n<figure class=\"wp-block-image size-large\"><img loading=\"lazy\" decoding=\"async\" width=\"975\" height=\"1024\" src=\"https:\/\/fotisto.space\/photographe\/wp-content\/uploads\/2024\/08\/DJI_0514-975x1024.jpg\" alt=\"\" class=\"wp-image-7519\" srcset=\"https:\/\/fotisto.space\/photographe\/wp-content\/uploads\/2024\/08\/DJI_0514-975x1024.jpg 975w, https:\/\/fotisto.space\/photographe\/wp-content\/uploads\/2024\/08\/DJI_0514-286x300.jpg 286w, https:\/\/fotisto.space\/photographe\/wp-content\/uploads\/2024\/08\/DJI_0514-768x807.jpg 768w, https:\/\/fotisto.space\/photographe\/wp-content\/uploads\/2024\/08\/DJI_0514-1462x1536.jpg 1462w, https:\/\/fotisto.space\/photographe\/wp-content\/uploads\/2024\/08\/DJI_0514-1200x1261.jpg 1200w, https:\/\/fotisto.space\/photographe\/wp-content\/uploads\/2024\/08\/DJI_0514.jpg 1904w\" sizes=\"auto, (max-width: 709px) 85vw, (max-width: 909px) 67vw, (max-width: 1362px) 62vw, 840px\" \/><\/figure>\n\n\n\n<p class=\"has-medium-brown-color has-light-gray-background-color has-text-color has-background has-link-color wp-elements-fd68fafc3af5a1030af6ce99eb5a8c72\"><em>Le maraichage est sans doute le plus riche en couleur mais aussi le plus rude. La terre est toujours basse pour les jardiniers<\/em><\/p>\n\n\n\n<figure class=\"wp-block-image size-large is-resized\"><img loading=\"lazy\" decoding=\"async\" width=\"1024\" height=\"715\" src=\"https:\/\/fotisto.space\/photographe\/wp-content\/uploads\/2024\/08\/450540631_10230452267226888_2338118683932019449_n-1024x715.jpg\" alt=\"\" class=\"wp-image-7561\" style=\"width:637px;height:auto\" srcset=\"https:\/\/fotisto.space\/photographe\/wp-content\/uploads\/2024\/08\/450540631_10230452267226888_2338118683932019449_n-1024x715.jpg 1024w, https:\/\/fotisto.space\/photographe\/wp-content\/uploads\/2024\/08\/450540631_10230452267226888_2338118683932019449_n-300x209.jpg 300w, https:\/\/fotisto.space\/photographe\/wp-content\/uploads\/2024\/08\/450540631_10230452267226888_2338118683932019449_n-768x536.jpg 768w, https:\/\/fotisto.space\/photographe\/wp-content\/uploads\/2024\/08\/450540631_10230452267226888_2338118683932019449_n-1200x838.jpg 1200w, https:\/\/fotisto.space\/photographe\/wp-content\/uploads\/2024\/08\/450540631_10230452267226888_2338118683932019449_n.jpg 1500w\" sizes=\"auto, (max-width: 709px) 85vw, (max-width: 909px) 67vw, (max-width: 1362px) 62vw, 840px\" \/><\/figure>\n\n\n\n<p class=\"has-light-gray-background-color has-background\"><em>Du fond de la plaine des Vosges, \u00e0 deux pas de la Meurthe et Moselle aux contreforts du massif vosgien, cot\u00e9 alsacien, j&rsquo;ai rencontr\u00e9 et rassembl\u00e9 de belles histoires.<\/em> <em>Comme par exemple,  Anne du cot\u00e9 de Juvaincourt.<\/em><\/p>\n\n\n\n<figure class=\"wp-block-image size-large is-resized\"><img loading=\"lazy\" decoding=\"async\" width=\"1024\" height=\"683\" src=\"https:\/\/fotisto.space\/photographe\/wp-content\/uploads\/2024\/08\/Maquette-Italienne-29.07.2024-3-2-1024x683.jpg\" alt=\"\" class=\"wp-image-7493\" style=\"width:630px;height:auto\" srcset=\"https:\/\/fotisto.space\/photographe\/wp-content\/uploads\/2024\/08\/Maquette-Italienne-29.07.2024-3-2-1024x683.jpg 1024w, https:\/\/fotisto.space\/photographe\/wp-content\/uploads\/2024\/08\/Maquette-Italienne-29.07.2024-3-2-300x200.jpg 300w, https:\/\/fotisto.space\/photographe\/wp-content\/uploads\/2024\/08\/Maquette-Italienne-29.07.2024-3-2-768x512.jpg 768w, https:\/\/fotisto.space\/photographe\/wp-content\/uploads\/2024\/08\/Maquette-Italienne-29.07.2024-3-2-1536x1024.jpg 1536w, https:\/\/fotisto.space\/photographe\/wp-content\/uploads\/2024\/08\/Maquette-Italienne-29.07.2024-3-2-2048x1365.jpg 2048w, https:\/\/fotisto.space\/photographe\/wp-content\/uploads\/2024\/08\/Maquette-Italienne-29.07.2024-3-2-1200x800.jpg 1200w\" sizes=\"auto, (max-width: 709px) 85vw, (max-width: 909px) 67vw, (max-width: 1362px) 62vw, 840px\" \/><\/figure>\n\n\n\n<p class=\"has-medium-brown-color has-light-gray-background-color has-text-color has-background has-link-color wp-elements-cdd5d7af0b0099aec4415898f38eb6b9\"><em>Emilie Pierrevelcin fille de Hubert tient avec son associ\u00e9 Simon la petite ferme sur les hauteur de Lapoutroie. Elle produit un munster d\u00e9licieux. Emilie aime et soigne ses vaches comme son chat ou son chien &#8230; <\/em><\/p>\n\n\n\n<figure class=\"wp-block-image size-large is-resized\"><img loading=\"lazy\" decoding=\"async\" width=\"1024\" height=\"683\" src=\"https:\/\/fotisto.space\/photographe\/wp-content\/uploads\/2024\/08\/Maquette-Italienne-29.07.2024-3-6-1024x683.jpg\" alt=\"\" class=\"wp-image-7494\" style=\"width:630px;height:auto\" srcset=\"https:\/\/fotisto.space\/photographe\/wp-content\/uploads\/2024\/08\/Maquette-Italienne-29.07.2024-3-6-1024x683.jpg 1024w, https:\/\/fotisto.space\/photographe\/wp-content\/uploads\/2024\/08\/Maquette-Italienne-29.07.2024-3-6-300x200.jpg 300w, https:\/\/fotisto.space\/photographe\/wp-content\/uploads\/2024\/08\/Maquette-Italienne-29.07.2024-3-6-768x512.jpg 768w, https:\/\/fotisto.space\/photographe\/wp-content\/uploads\/2024\/08\/Maquette-Italienne-29.07.2024-3-6-1536x1024.jpg 1536w, https:\/\/fotisto.space\/photographe\/wp-content\/uploads\/2024\/08\/Maquette-Italienne-29.07.2024-3-6-2048x1365.jpg 2048w, https:\/\/fotisto.space\/photographe\/wp-content\/uploads\/2024\/08\/Maquette-Italienne-29.07.2024-3-6-1200x800.jpg 1200w\" sizes=\"auto, (max-width: 709px) 85vw, (max-width: 909px) 67vw, (max-width: 1362px) 62vw, 840px\" \/><\/figure>\n\n\n\n<p class=\"has-medium-brown-color has-light-gray-background-color has-text-color has-background has-link-color wp-elements-80aba5c4531eb7ef5a5c91ef3f0dd7bc\"><\/p>\n\n\n\n<p class=\"has-medium-brown-color has-light-gray-background-color has-text-color has-background has-link-color wp-elements-08ed226e88fab45858c07d319a4a72f8\"><em>Elles, ils m&rsquo;ont racont\u00e9, se sont confi\u00e9es sur leurs m\u00e9tiers leurs journ\u00e9es, leurs vies<\/em><\/p>\n\n\n\n<figure class=\"wp-block-image size-large is-resized\"><img loading=\"lazy\" decoding=\"async\" width=\"1024\" height=\"683\" src=\"https:\/\/fotisto.space\/photographe\/wp-content\/uploads\/2024\/08\/Maquette-Italienne-29.07.2024-3-14-1024x683.jpg\" alt=\"\" class=\"wp-image-7496\" style=\"width:630px;height:auto\" srcset=\"https:\/\/fotisto.space\/photographe\/wp-content\/uploads\/2024\/08\/Maquette-Italienne-29.07.2024-3-14-1024x683.jpg 1024w, https:\/\/fotisto.space\/photographe\/wp-content\/uploads\/2024\/08\/Maquette-Italienne-29.07.2024-3-14-300x200.jpg 300w, https:\/\/fotisto.space\/photographe\/wp-content\/uploads\/2024\/08\/Maquette-Italienne-29.07.2024-3-14-768x512.jpg 768w, https:\/\/fotisto.space\/photographe\/wp-content\/uploads\/2024\/08\/Maquette-Italienne-29.07.2024-3-14-1536x1024.jpg 1536w, https:\/\/fotisto.space\/photographe\/wp-content\/uploads\/2024\/08\/Maquette-Italienne-29.07.2024-3-14-2048x1365.jpg 2048w, https:\/\/fotisto.space\/photographe\/wp-content\/uploads\/2024\/08\/Maquette-Italienne-29.07.2024-3-14-1200x800.jpg 1200w\" sizes=\"auto, (max-width: 709px) 85vw, (max-width: 909px) 67vw, (max-width: 1362px) 62vw, 840px\" \/><\/figure>\n\n\n\n<p class=\"has-medium-brown-color has-light-gray-background-color has-text-color has-background has-link-color wp-elements-80aba5c4531eb7ef5a5c91ef3f0dd7bc\"><\/p>\n\n\n\n<p class=\"has-medium-brown-color has-light-gray-background-color has-text-color has-background has-link-color wp-elements-575bd1195807b9ca6dfc839124e14ccd\"><em>Mais aussi et bien sur il est question de gastronomie, de gourmandise et de manger mieux et pas loin. De la graine \u00e0 l&rsquo;assiette&#8230; <\/em><\/p>\n\n\n\n<figure class=\"wp-block-image size-large\"><img loading=\"lazy\" decoding=\"async\" width=\"1024\" height=\"683\" src=\"https:\/\/fotisto.space\/photographe\/wp-content\/uploads\/2024\/08\/Maquette-Italienne-29.07.2024-3-15-1024x683.jpg\" alt=\"\" class=\"wp-image-7498\" srcset=\"https:\/\/fotisto.space\/photographe\/wp-content\/uploads\/2024\/08\/Maquette-Italienne-29.07.2024-3-15-1024x683.jpg 1024w, https:\/\/fotisto.space\/photographe\/wp-content\/uploads\/2024\/08\/Maquette-Italienne-29.07.2024-3-15-300x200.jpg 300w, https:\/\/fotisto.space\/photographe\/wp-content\/uploads\/2024\/08\/Maquette-Italienne-29.07.2024-3-15-768x512.jpg 768w, https:\/\/fotisto.space\/photographe\/wp-content\/uploads\/2024\/08\/Maquette-Italienne-29.07.2024-3-15-1536x1024.jpg 1536w, https:\/\/fotisto.space\/photographe\/wp-content\/uploads\/2024\/08\/Maquette-Italienne-29.07.2024-3-15-2048x1365.jpg 2048w, https:\/\/fotisto.space\/photographe\/wp-content\/uploads\/2024\/08\/Maquette-Italienne-29.07.2024-3-15-1200x800.jpg 1200w\" sizes=\"auto, (max-width: 709px) 85vw, (max-width: 909px) 67vw, (max-width: 1362px) 62vw, 840px\" \/><\/figure>\n\n\n\n<figure class=\"wp-block-image size-large\"><img loading=\"lazy\" decoding=\"async\" width=\"1024\" height=\"683\" src=\"https:\/\/fotisto.space\/photographe\/wp-content\/uploads\/2024\/08\/Maquette-Italienne-29.07.2024-3-17-1024x683.jpg\" alt=\"\" class=\"wp-image-7500\" srcset=\"https:\/\/fotisto.space\/photographe\/wp-content\/uploads\/2024\/08\/Maquette-Italienne-29.07.2024-3-17-1024x683.jpg 1024w, https:\/\/fotisto.space\/photographe\/wp-content\/uploads\/2024\/08\/Maquette-Italienne-29.07.2024-3-17-300x200.jpg 300w, https:\/\/fotisto.space\/photographe\/wp-content\/uploads\/2024\/08\/Maquette-Italienne-29.07.2024-3-17-768x512.jpg 768w, https:\/\/fotisto.space\/photographe\/wp-content\/uploads\/2024\/08\/Maquette-Italienne-29.07.2024-3-17-1536x1024.jpg 1536w, https:\/\/fotisto.space\/photographe\/wp-content\/uploads\/2024\/08\/Maquette-Italienne-29.07.2024-3-17-2048x1365.jpg 2048w, https:\/\/fotisto.space\/photographe\/wp-content\/uploads\/2024\/08\/Maquette-Italienne-29.07.2024-3-17-1200x800.jpg 1200w\" sizes=\"auto, (max-width: 709px) 85vw, (max-width: 909px) 67vw, (max-width: 1362px) 62vw, 840px\" \/><\/figure>\n\n\n\n<p class=\"has-medium-brown-color has-light-gray-background-color has-text-color has-background has-link-color wp-elements-80aba5c4531eb7ef5a5c91ef3f0dd7bc\"><\/p>\n","protected":false},"excerpt":{"rendered":"<p>Exposition \u00e0 Orbey F\u00eate de l&rsquo;Endive \u00e0 Thi\u00e9fosse \u00e0 La Ferme aux hirondelles Pr\u00e9paration du salon de l&rsquo;agriculture, le 25 f\u00e9vrier Le livre fait son chemin, de librairies en points de vente, magasins de producteurs&#8230; \u00ab\u00a0Paysannes et Paysans, de la graine \u00e0 l&rsquo;assiette\u00a0\u00bb continue son chemin&#8230; Accrochage de l&rsquo;exposition ce matin \u00e0 l&rsquo;espace Volontaire dans &hellip; <a href=\"https:\/\/fotisto.space\/photographe\/index.php\/2024\/08\/02\/paysannes-paysans-de-la-graine-a-lassiette\/\" class=\"more-link\">Continuer la lecture<span class=\"screen-reader-text\"> de &laquo;&nbsp;Paysannes &amp; Paysans, de la graine \u00e0 l&rsquo;assiette&nbsp;&raquo;<\/span><\/a><\/p>\n","protected":false},"author":1,"featured_media":0,"comment_status":"open","ping_status":"open","sticky":true,"template":"","format":"standard","meta":{"om_disable_all_campaigns":false,"_monsterinsights_skip_tracking":false,"_monsterinsights_sitenote_active":false,"_monsterinsights_sitenote_note":"","_monsterinsights_sitenote_category":0,"_jetpack_memberships_contains_paid_content":false,"footnotes":""},"categories":[8,9],"tags":[],"class_list":["post-7490","post","type-post","status-publish","format-standard","hentry","category-exposition-photo","category-photographie"],"aioseo_notices":[],"jetpack_featured_media_url":"","jetpack_sharing_enabled":true,"_links":{"self":[{"href":"https:\/\/fotisto.space\/photographe\/index.php\/wp-json\/wp\/v2\/posts\/7490","targetHints":{"allow":["GET"]}}],"collection":[{"href":"https:\/\/fotisto.space\/photographe\/index.php\/wp-json\/wp\/v2\/posts"}],"about":[{"href":"https:\/\/fotisto.space\/photographe\/index.php\/wp-json\/wp\/v2\/types\/post"}],"author":[{"embeddable":true,"href":"https:\/\/fotisto.space\/photographe\/index.php\/wp-json\/wp\/v2\/users\/1"}],"replies":[{"embeddable":true,"href":"https:\/\/fotisto.space\/photographe\/index.php\/wp-json\/wp\/v2\/comments?post=7490"}],"version-history":[{"count":110,"href":"https:\/\/fotisto.space\/photographe\/index.php\/wp-json\/wp\/v2\/posts\/7490\/revisions"}],"predecessor-version":[{"id":8350,"href":"https:\/\/fotisto.space\/photographe\/index.php\/wp-json\/wp\/v2\/posts\/7490\/revisions\/8350"}],"wp:attachment":[{"href":"https:\/\/fotisto.space\/photographe\/index.php\/wp-json\/wp\/v2\/media?parent=7490"}],"wp:term":[{"taxonomy":"category","embeddable":true,"href":"https:\/\/fotisto.space\/photographe\/index.php\/wp-json\/wp\/v2\/categories?post=7490"},{"taxonomy":"post_tag","embeddable":true,"href":"https:\/\/fotisto.space\/photographe\/index.php\/wp-json\/wp\/v2\/tags?post=7490"}],"curies":[{"name":"wp","href":"https:\/\/api.w.org\/{rel}","templated":true}]}}